{"id":43224,"date":"2025-04-05T15:50:22","date_gmt":"2025-04-05T15:50:22","guid":{"rendered":"https:\/\/laverdadpublica.com\/?p=43224"},"modified":"2025-04-06T01:52:13","modified_gmt":"2025-04-06T01:52:13","slug":"la-romana-fortalece-su-limpieza-urbana-con-10-nuevos-camiones-compactadores-bajo-la-gestion-de-eduardo-kery","status":"publish","type":"post","link":"https:\/\/laverdadpublica.com\/index.php\/2025\/04\/05\/la-romana-fortalece-su-limpieza-urbana-con-10-nuevos-camiones-compactadores-bajo-la-gestion-de-eduardo-kery\/","title":{"rendered":"La Romana fortalece su limpieza urbana con 10 nuevos camiones compactadores bajo la gesti\u00f3n de Eduardo Kery"},"content":{"rendered":"<p style=\"text-align: justify;\">LA ROMANA, RD: \u2013 El alcalde Eduardo Kery Metivier present\u00f3 este s\u00e1bado 10 camiones compactadores completamente nuevos, cumpliendo as\u00ed una de sus principales promesas de campa\u00f1a: renovar la flotilla destinada a la recolecci\u00f3n de residuos s\u00f3lidos antes de su primer a\u00f1o de gesti\u00f3n.<\/p>\n<p style=\"text-align: justify;\">La entrega oficial de los veh\u00edculos se llev\u00f3 a cabo en la explanada del Palacio Municipal, en un acto encabezado por el alcalde, acompa\u00f1ado de los regidores Orfelina Valdez, presidenta del Concejo de Regidores; Trina Angomas, Oliva Tejeda, Sonia Suero, Yanet Concepci\u00f3n, Federico Guerrero, Michel Ferreyra y V\u00edctor Mercedes, as\u00ed como de directores departamentales y colaboradores del cabildo.<\/p>\n<blockquote>\n<p style=\"text-align: justify;\">\u201cHoy reafirmamos nuestro compromiso con una ciudad m\u00e1s limpia, m\u00e1s digna y m\u00e1s eficiente. Estos camiones cero kil\u00f3metros representan un paso firme hacia ese objetivo\u201d, expres\u00f3 Kery Metivier, al anunciar que los veh\u00edculos ser\u00e1n integrados de inmediato a las rutas de recolecci\u00f3n en todo el municipio.<\/p>\n<\/blockquote>\n<p style=\"text-align: justify;\">El ejecutivo municipal destac\u00f3 que esta importante adquisici\u00f3n fue posible gracias a recursos propios del Ayuntamiento, y asegur\u00f3 que los camiones contar\u00e1n con mantenimiento permanente por parte de la empresa MTE Group. Asimismo, inform\u00f3 que los diez conductores que operar\u00e1n los veh\u00edculos fueron previamente capacitados para garantizar un servicio \u00f3ptimo a la ciudadan\u00eda.<\/p>\n<p style=\"text-align: justify;\">La ceremonia cont\u00f3 con la presencia de destacadas autoridades nacionales y locales, entre ellas Alex Ram\u00edrez, viceministro de Obras P\u00fablicas; Nilian Reynoso, directora de Prensa del Presidente; Pedro Richardson, director ejecutivo de la Federaci\u00f3n Dominicana de Distritos Municipales; Jorge Sturla, vicepresidente de Relaciones PIB del Central Romana Corporation; y Dayna Manzano, vicec\u00f3nsul en Par\u00eds, Francia<\/p>\n<p style=\"text-align: justify;\">Con esta acci\u00f3n, la Alcald\u00eda de La Romana refuerza su compromiso con la modernizaci\u00f3n de los servicios municipales y la mejora de la calidad de vida de todos los romanenses.<\/p>\n<p>Fuente: Externa<\/p>\n","protected":false},"excerpt":{"rendered":"<p>LA ROMANA, RD: \u2013 El alcalde Eduardo Kery Metivier present\u00f3 este s\u00e1bado 10 camiones compactadores<\/p>\n","protected":false},"author":1,"featured_media":43225,"comment_status":"open","ping_status":"open","sticky":false,"template":"","format":"standard","meta":{"footnotes":""},"categories":[7],"tags":[],"class_list":["post-43224","post","type-post","status-publish","format-standard","has-post-thumbnail","hentry","category-nacionales"],"_links":{"self":[{"href":"https:\/\/laverdadpublica.com\/index.php\/wp-json\/wp\/v2\/posts\/43224","targetHints":{"allow":["GET"]}}],"collection":[{"href":"https:\/\/laverdadpublica.com\/index.php\/wp-json\/wp\/v2\/posts"}],"about":[{"href":"https:\/\/laverdadpublica.com\/index.php\/wp-json\/wp\/v2\/types\/post"}],"author":[{"embeddable":true,"href":"https:\/\/laverdadpublica.com\/index.php\/wp-json\/wp\/v2\/users\/1"}],"replies":[{"embeddable":true,"href":"https:\/\/laverdadpublica.com\/index.php\/wp-json\/wp\/v2\/comments?post=43224"}],"version-history":[{"count":1,"href":"https:\/\/laverdadpublica.com\/index.php\/wp-json\/wp\/v2\/posts\/43224\/revisions"}],"predecessor-version":[{"id":43226,"href":"https:\/\/laverdadpublica.com\/index.php\/wp-json\/wp\/v2\/posts\/43224\/revisions\/43226"}],"wp:featuredmedia":[{"embeddable":true,"href":"https:\/\/laverdadpublica.com\/index.php\/wp-json\/wp\/v2\/media\/43225"}],"wp:attachment":[{"href":"https:\/\/laverdadpublica.com\/index.php\/wp-json\/wp\/v2\/media?parent=43224"}],"wp:term":[{"taxonomy":"category","embeddable":true,"href":"https:\/\/laverdadpublica.com\/index.php\/wp-json\/wp\/v2\/categories?post=43224"},{"taxonomy":"post_tag","embeddable":true,"href":"https:\/\/laverdadpublica.com\/index.php\/wp-json\/wp\/v2\/tags?post=43224"}],"curies":[{"name":"wp","href":"https:\/\/api.w.org\/{rel}","templated":true}]}}