{"id":43230,"date":"2025-04-05T16:54:55","date_gmt":"2025-04-05T16:54:55","guid":{"rendered":"https:\/\/laverdadpublica.com\/?p=43230"},"modified":"2025-04-06T01:57:05","modified_gmt":"2025-04-06T01:57:05","slug":"henry-rijo-recibe-reconocimiento-por-el-dia-del-periodista-por-su-destacada-labor-en-la-comunicacion","status":"publish","type":"post","link":"https:\/\/laverdadpublica.com\/index.php\/2025\/04\/05\/henry-rijo-recibe-reconocimiento-por-el-dia-del-periodista-por-su-destacada-labor-en-la-comunicacion\/","title":{"rendered":"Henry Rijo recibe reconocimiento por el D\u00eda del Periodista por su destacada labor en la comunicaci\u00f3n"},"content":{"rendered":"<p style=\"text-align: justify;\">Santo Domingo \u2013 El reconocido comunicador y presidente de <strong>Premios La Flor<\/strong>, Henry Rijo, fue galardonado con un reconocimiento especial en el marco de la Cumbre Mundial de la Voz, celebrada en Santo Domingo, en honor al D\u00eda del Periodista. Este reconocimiento fue entregado en agradecimiento a su incansable trabajo, dedicaci\u00f3n y aportes significativos al mundo de la comunicaci\u00f3n y los medios en la Rep\u00fablica Dominicana y m\u00e1s all\u00e1.<\/p>\n<p style=\"text-align: justify;\">Durante la ceremonia, Rijo recibi\u00f3 el premio por su contribuci\u00f3n al desarrollo de la comunicaci\u00f3n social y su esfuerzo por fomentar un periodismo \u00e9tico y profesional en la era digital. Su labor ha dejado huella en diversas plataformas, desde la radio y la televisi\u00f3n hasta la producci\u00f3n de eventos que promueven el talento local y los derechos de la mujer, como el aclamado evento <strong>Mujeres que Inspiran<\/strong><\/p>\n<blockquote>\n<p style=\"text-align: justify;\">\u00abRecibir este reconocimiento es un honor, pero m\u00e1s all\u00e1 de eso, es un compromiso para seguir trabajando y contribuyendo al desarrollo de una comunicaci\u00f3n m\u00e1s responsable y con un impacto positivo en nuestra sociedad\u00bb, expres\u00f3 Henry Rijo durante su intervenci\u00f3n.<\/p>\n<\/blockquote>\n<p style=\"text-align: justify;\">La Cumbre Mundial de la Voz, que reuni\u00f3 a voces influyentes del periodismo y la comunicaci\u00f3n a nivel global, destac\u00f3 a figuras como Rijo por su profesionalismo, liderazgo y su esfuerzo constante por elevar los est\u00e1ndares de la industria de la comunicaci\u00f3n en un mundo cada vez m\u00e1s interconectado.<\/p>\n<p style=\"text-align: justify;\">Este reconocimiento refuerza el papel fundamental que los periodistas desempe\u00f1an en la construcci\u00f3n de una sociedad informada y participativa, reconociendo a aquellos que, como Henry Rijo, lideran con el ejemplo y marcan la diferencia.<\/p>\n<p style=\"text-align: justify;\"><strong>Sobre Henry Rijo<\/strong><\/p>\n<p style=\"text-align: justify;\">Henry Rijo es un destacado comunicador y presidente de P<strong>remios La Flor,<\/strong> una de las ceremonias de premios m\u00e1s importantes del pa\u00eds, que celebra el talento y el trabajo de mujeres influyentes. Rijo ha trabajado en diversos medios de comunicaci\u00f3n y se ha destacado por su dedicaci\u00f3n a promover el periodismo \u00e9tico y la responsabilidad social.<\/p>\n<p style=\"text-align: left;\">Fuente: CRNews<\/p>\n","protected":false},"excerpt":{"rendered":"<p>Santo Domingo \u2013 El reconocido comunicador y presidente de Premios La Flor, Henry Rijo, fue<\/p>\n","protected":false},"author":4,"featured_media":43231,"comment_status":"open","ping_status":"open","sticky":false,"template":"","format":"standard","meta":{"footnotes":""},"categories":[249],"tags":[],"class_list":["post-43230","post","type-post","status-publish","format-standard","has-post-thumbnail","hentry","category-farandula"],"_links":{"self":[{"href":"https:\/\/laverdadpublica.com\/index.php\/wp-json\/wp\/v2\/posts\/43230","targetHints":{"allow":["GET"]}}],"collection":[{"href":"https:\/\/laverdadpublica.com\/index.php\/wp-json\/wp\/v2\/posts"}],"about":[{"href":"https:\/\/laverdadpublica.com\/index.php\/wp-json\/wp\/v2\/types\/post"}],"author":[{"embeddable":true,"href":"https:\/\/laverdadpublica.com\/index.php\/wp-json\/wp\/v2\/users\/4"}],"replies":[{"embeddable":true,"href":"https:\/\/laverdadpublica.com\/index.php\/wp-json\/wp\/v2\/comments?post=43230"}],"version-history":[{"count":1,"href":"https:\/\/laverdadpublica.com\/index.php\/wp-json\/wp\/v2\/posts\/43230\/revisions"}],"predecessor-version":[{"id":43232,"href":"https:\/\/laverdadpublica.com\/index.php\/wp-json\/wp\/v2\/posts\/43230\/revisions\/43232"}],"wp:featuredmedia":[{"embeddable":true,"href":"https:\/\/laverdadpublica.com\/index.php\/wp-json\/wp\/v2\/media\/43231"}],"wp:attachment":[{"href":"https:\/\/laverdadpublica.com\/index.php\/wp-json\/wp\/v2\/media?parent=43230"}],"wp:term":[{"taxonomy":"category","embeddable":true,"href":"https:\/\/laverdadpublica.com\/index.php\/wp-json\/wp\/v2\/categories?post=43230"},{"taxonomy":"post_tag","embeddable":true,"href":"https:\/\/laverdadpublica.com\/index.php\/wp-json\/wp\/v2\/tags?post=43230"}],"curies":[{"name":"wp","href":"https:\/\/api.w.org\/{rel}","templated":true}]}}