{"id":43293,"date":"2025-04-06T23:48:57","date_gmt":"2025-04-06T23:48:57","guid":{"rendered":"https:\/\/laverdadpublica.com\/?p=43293"},"modified":"2025-04-06T23:49:04","modified_gmt":"2025-04-06T23:49:04","slug":"presidente-luis-abinader-anuncia-reforzamiento-fronterizo-con-1500-nuevos-soldados-y-750-agente-de-migracion","status":"publish","type":"post","link":"https:\/\/laverdadpublica.com\/index.php\/2025\/04\/06\/presidente-luis-abinader-anuncia-reforzamiento-fronterizo-con-1500-nuevos-soldados-y-750-agente-de-migracion\/","title":{"rendered":"Presidente Luis Abinader anuncia reforzamiento fronterizo con 1500 nuevos soldados y 750 agente de migraci\u00f3n"},"content":{"rendered":"<p>Por Felix Rubio<\/p>\n<p style=\"text-align: justify;\">El presidente Luis Abinader se dirigi\u00f3 hoy al pa\u00eds donde anunci\u00f3 una serie de medidas para enfrentar la problem\u00e1tica de la migraci\u00f3n ilegal en la Rep\u00fablica Dominicana.<\/p>\n<p style=\"text-align: justify;\">Las medidas han sido analizadas por el presidente, en vista al abandono por la comunidad internacional del vecino pa\u00eds de Hait\u00ed, el cual se encuentra afectado por unos niveles de criminalidad nunca antes visto por la bandas, que han tomado pr\u00e1cticamente el pa\u00eds<\/p>\n<p style=\"text-align: justify;\">Establecer\u00e1n controles con agentes de migraci\u00f3n en los hospitales con los pacientes extranjeros los cuales deber\u00e1n, estar con un estatus migratorio legal.<\/p>\n<p style=\"text-align: justify;\">Se fortalecer\u00e1n las penas contra los funcionarios, civiles y militares que participen en el tr\u00e1fico de ilegales de Hait\u00ed.<\/p>\n<p style=\"text-align: justify;\">Los due\u00f1os de vivienda tambi\u00e9n ser\u00e1n sometidos cuando alquilen a ilegales haitianos .<\/p>\n<p style=\"text-align: justify;\">As\u00ed mismos se crear\u00e1 un observatorio migratoria para revisar la efectividad de las medidas y las posibles variaciones donde los ciudadanos podr\u00e1n aportar sus ideas y denuncias.<\/p>\n<p>&nbsp;<\/p>\n<p>Fuente: Presidencia RD<\/p>\n","protected":false},"excerpt":{"rendered":"<p>Por Felix Rubio El presidente Luis Abinader se dirigi\u00f3 hoy al pa\u00eds donde anunci\u00f3 una<\/p>\n","protected":false},"author":1,"featured_media":43294,"comment_status":"open","ping_status":"open","sticky":false,"template":"","format":"standard","meta":{"footnotes":""},"categories":[7],"tags":[],"class_list":["post-43293","post","type-post","status-publish","format-standard","has-post-thumbnail","hentry","category-nacionales"],"_links":{"self":[{"href":"https:\/\/laverdadpublica.com\/index.php\/wp-json\/wp\/v2\/posts\/43293","targetHints":{"allow":["GET"]}}],"collection":[{"href":"https:\/\/laverdadpublica.com\/index.php\/wp-json\/wp\/v2\/posts"}],"about":[{"href":"https:\/\/laverdadpublica.com\/index.php\/wp-json\/wp\/v2\/types\/post"}],"author":[{"embeddable":true,"href":"https:\/\/laverdadpublica.com\/index.php\/wp-json\/wp\/v2\/users\/1"}],"replies":[{"embeddable":true,"href":"https:\/\/laverdadpublica.com\/index.php\/wp-json\/wp\/v2\/comments?post=43293"}],"version-history":[{"count":1,"href":"https:\/\/laverdadpublica.com\/index.php\/wp-json\/wp\/v2\/posts\/43293\/revisions"}],"predecessor-version":[{"id":43295,"href":"https:\/\/laverdadpublica.com\/index.php\/wp-json\/wp\/v2\/posts\/43293\/revisions\/43295"}],"wp:featuredmedia":[{"embeddable":true,"href":"https:\/\/laverdadpublica.com\/index.php\/wp-json\/wp\/v2\/media\/43294"}],"wp:attachment":[{"href":"https:\/\/laverdadpublica.com\/index.php\/wp-json\/wp\/v2\/media?parent=43293"}],"wp:term":[{"taxonomy":"category","embeddable":true,"href":"https:\/\/laverdadpublica.com\/index.php\/wp-json\/wp\/v2\/categories?post=43293"},{"taxonomy":"post_tag","embeddable":true,"href":"https:\/\/laverdadpublica.com\/index.php\/wp-json\/wp\/v2\/tags?post=43293"}],"curies":[{"name":"wp","href":"https:\/\/api.w.org\/{rel}","templated":true}]}}