{"id":43541,"date":"2025-04-19T13:35:28","date_gmt":"2025-04-19T13:35:28","guid":{"rendered":"https:\/\/laverdadpublica.com\/?p=43541"},"modified":"2025-04-19T16:16:06","modified_gmt":"2025-04-19T16:16:06","slug":"celebramos-la-vida-del-mayor-piloto-suarez-martinez-dela-fard","status":"publish","type":"post","link":"https:\/\/laverdadpublica.com\/index.php\/2025\/04\/19\/celebramos-la-vida-del-mayor-piloto-suarez-martinez-dela-fard\/","title":{"rendered":"\u00abDe Frente a la Verdad\u00bb celebra la vida del Mayor General Piloto Su\u00e1rez Mart\u00ednez de la FARD"},"content":{"rendered":"<p>Por Felix Rubio<\/p>\n<p style=\"text-align: justify;\">Desde nuestra redacci\u00f3n, felicitamos al el Mayor General Piloto Floreal Su\u00e1rez Mart\u00ednez, FARD, es el actual Comandante General de la Fuerza A\u00e9rea de la Rep\u00fablica Dominicana, por su aniverdario de vida.<\/p>\n<p style=\"text-align: justify;\">Destacamos que el Mayor es tambi\u00e9n\u00a0 reconocido por la TSA por sus aportes a la seguridad de la aviaci\u00f3n civil. Su carrera ha sido distinguida, y ha encabezado ceremonias de cambio de mando y participado en eventos de capacitaci\u00f3n dentro de la Fuerza A\u00e9rea.<\/p>\n<p style=\"text-align: justify;\">En el mensaje se resalta su ardua labor y honroso a la patria desde la Fuerza A\u00e9rea de la Rep\u00fablica Dominicana.<\/p>\n<blockquote>\n<p style=\"text-align: justify;\">\u00abNuestro periodico \u00abDe Frente a la Verdad\u00bb, le desea los mejores parabienes al estimado Mayor General Piloto Floreal Su\u00e1rez Mart\u00ednez, de la Fuerza A\u00e9rea de Rep\u00fablica Dominicana,un hombre que dignifica el uniforme militar\u00bb.<\/p>\n<\/blockquote>\n<p style=\"text-align: justify;\">Fuente: Redacci\u00f3n General \u00abDe Frente a la Verdad\u00bb.<\/p>\n","protected":false},"excerpt":{"rendered":"<p>Por Felix Rubio Desde nuestra redacci\u00f3n, felicitamos al el Mayor General Piloto Floreal Su\u00e1rez Mart\u00ednez,<\/p>\n","protected":false},"author":1,"featured_media":43543,"comment_status":"open","ping_status":"open","sticky":false,"template":"","format":"standard","meta":{"footnotes":""},"categories":[7],"tags":[],"class_list":["post-43541","post","type-post","status-publish","format-standard","has-post-thumbnail","hentry","category-nacionales"],"_links":{"self":[{"href":"https:\/\/laverdadpublica.com\/index.php\/wp-json\/wp\/v2\/posts\/43541","targetHints":{"allow":["GET"]}}],"collection":[{"href":"https:\/\/laverdadpublica.com\/index.php\/wp-json\/wp\/v2\/posts"}],"about":[{"href":"https:\/\/laverdadpublica.com\/index.php\/wp-json\/wp\/v2\/types\/post"}],"author":[{"embeddable":true,"href":"https:\/\/laverdadpublica.com\/index.php\/wp-json\/wp\/v2\/users\/1"}],"replies":[{"embeddable":true,"href":"https:\/\/laverdadpublica.com\/index.php\/wp-json\/wp\/v2\/comments?post=43541"}],"version-history":[{"count":6,"href":"https:\/\/laverdadpublica.com\/index.php\/wp-json\/wp\/v2\/posts\/43541\/revisions"}],"predecessor-version":[{"id":43552,"href":"https:\/\/laverdadpublica.com\/index.php\/wp-json\/wp\/v2\/posts\/43541\/revisions\/43552"}],"wp:featuredmedia":[{"embeddable":true,"href":"https:\/\/laverdadpublica.com\/index.php\/wp-json\/wp\/v2\/media\/43543"}],"wp:attachment":[{"href":"https:\/\/laverdadpublica.com\/index.php\/wp-json\/wp\/v2\/media?parent=43541"}],"wp:term":[{"taxonomy":"category","embeddable":true,"href":"https:\/\/laverdadpublica.com\/index.php\/wp-json\/wp\/v2\/categories?post=43541"},{"taxonomy":"post_tag","embeddable":true,"href":"https:\/\/laverdadpublica.com\/index.php\/wp-json\/wp\/v2\/tags?post=43541"}],"curies":[{"name":"wp","href":"https:\/\/api.w.org\/{rel}","templated":true}]}}