{"id":43666,"date":"2025-04-24T18:12:15","date_gmt":"2025-04-24T18:12:15","guid":{"rendered":"https:\/\/laverdadpublica.com\/?p=43666"},"modified":"2025-04-25T00:12:24","modified_gmt":"2025-04-25T00:12:24","slug":"ministerio-de-trabajo-invita-a-feria-de-empleos-para-santiago","status":"publish","type":"post","link":"https:\/\/laverdadpublica.com\/index.php\/2025\/04\/24\/ministerio-de-trabajo-invita-a-feria-de-empleos-para-santiago\/","title":{"rendered":"Ministerio de Trabajo invita a feria de empleos para Santiago"},"content":{"rendered":"<p style=\"text-align: justify;\"><strong>Santo<\/strong> <strong>Domingo<\/strong>. El Ministerio de Trabajo, invita a las personas interesadas a participar en la feria de empleos para Santiago, este viernes 25 de abril 2025, desde las 9 de la ma\u00f1ana hasta las 2 de la tarde.<\/p>\n<p style=\"text-align: justify;\">La feria se har\u00e1 en el Ayuntamiento de Santiago, Ave. Juan Pablo Duarte #85, La Trinitaria, Santiago de los Caballeros.<\/p>\n<p style=\"text-align: justify;\">Las vacantes para esta feria son 170: Auxiliar de almac\u00e9n, encargado de almac\u00e9n de repuestos, supervisor de almac\u00e9n materia prima, cajero, contador, control interno (Auditor), ingeniero industrial, ingeniero de cumplimiento, operario de costura, operario de corte, operario de trenzado (Knitting), operario de bordado a m\u00e1quina, entrenador de costura, mec\u00e1nico textil.<\/p>\n<p style=\"text-align: justify;\">Adem\u00e1s, asesor de servicio, auxiliar de servicio, asistente SSOMA (Seguridad y Salud Ocupacional y Medio Ambiente), seguridad e higiene, lavador de veh\u00edculos, conserje, mensajero motorizado, supervisor t\u00e9cnico, t\u00e9cnico automotriz, auxiliar t\u00e9cnico, control de calidad, desabollador, preparador, pintor, armador, brillador.<\/p>\n<p style=\"text-align: justify;\">El Ministerio de Trabajo en su funci\u00f3n de intermediario de las empresas que necesitan cubrir sus vacantes, aclara que el proceso de reclutamiento depende de cada empresa, algunas de ellas toman un poco m\u00e1s de tiempo, debido a la naturaleza de sus vacantes.<\/p>\n<p style=\"text-align: justify;\">Los interesados favor registrarse en la p\u00e1gina web: rdtrabaja.mt.gob.do o llamar a los tel\u00e9fonos: (809) 583- 3900 ext. 3009 y (809) 224- 9239.<\/p>\n<p>&nbsp;<\/p>\n<p>Fuente: Dir. Com.\u00a0Ministerio de Trabajo<\/p>\n","protected":false},"excerpt":{"rendered":"<p>Santo Domingo. El Ministerio de Trabajo, invita a las personas interesadas a participar en la<\/p>\n","protected":false},"author":4,"featured_media":43667,"comment_status":"open","ping_status":"open","sticky":false,"template":"","format":"standard","meta":{"footnotes":""},"categories":[7],"tags":[],"class_list":["post-43666","post","type-post","status-publish","format-standard","has-post-thumbnail","hentry","category-nacionales"],"_links":{"self":[{"href":"https:\/\/laverdadpublica.com\/index.php\/wp-json\/wp\/v2\/posts\/43666","targetHints":{"allow":["GET"]}}],"collection":[{"href":"https:\/\/laverdadpublica.com\/index.php\/wp-json\/wp\/v2\/posts"}],"about":[{"href":"https:\/\/laverdadpublica.com\/index.php\/wp-json\/wp\/v2\/types\/post"}],"author":[{"embeddable":true,"href":"https:\/\/laverdadpublica.com\/index.php\/wp-json\/wp\/v2\/users\/4"}],"replies":[{"embeddable":true,"href":"https:\/\/laverdadpublica.com\/index.php\/wp-json\/wp\/v2\/comments?post=43666"}],"version-history":[{"count":1,"href":"https:\/\/laverdadpublica.com\/index.php\/wp-json\/wp\/v2\/posts\/43666\/revisions"}],"predecessor-version":[{"id":43668,"href":"https:\/\/laverdadpublica.com\/index.php\/wp-json\/wp\/v2\/posts\/43666\/revisions\/43668"}],"wp:featuredmedia":[{"embeddable":true,"href":"https:\/\/laverdadpublica.com\/index.php\/wp-json\/wp\/v2\/media\/43667"}],"wp:attachment":[{"href":"https:\/\/laverdadpublica.com\/index.php\/wp-json\/wp\/v2\/media?parent=43666"}],"wp:term":[{"taxonomy":"category","embeddable":true,"href":"https:\/\/laverdadpublica.com\/index.php\/wp-json\/wp\/v2\/categories?post=43666"},{"taxonomy":"post_tag","embeddable":true,"href":"https:\/\/laverdadpublica.com\/index.php\/wp-json\/wp\/v2\/tags?post=43666"}],"curies":[{"name":"wp","href":"https:\/\/api.w.org\/{rel}","templated":true}]}}