{"id":43744,"date":"2025-04-26T13:42:36","date_gmt":"2025-04-26T13:42:36","guid":{"rendered":"https:\/\/laverdadpublica.com\/?p=43744"},"modified":"2025-04-26T13:42:36","modified_gmt":"2025-04-26T13:42:36","slug":"francisco-abreu-orgullo-dominicano-en-las-canchas-europeas-y-nominado-a-los-premios-gladiadores","status":"publish","type":"post","link":"https:\/\/laverdadpublica.com\/index.php\/2025\/04\/26\/francisco-abreu-orgullo-dominicano-en-las-canchas-europeas-y-nominado-a-los-premios-gladiadores\/","title":{"rendered":"Francisco Abreu: Orgullo Dominicano en las Canchas Europeas y Nominado a los Premios Gladiadores"},"content":{"rendered":"<p style=\"text-align: justify;\"><strong>Luxemburgo, abril de 2025<\/strong>. \u2014 Francisco Alberto Abreu L\u00f3pez, nacido el 26 de marzo de 1983 en Santo Domingo, es un destacado colocador de voleibol que ha llevado la bandera de la Rep\u00fablica Dominicana a lo m\u00e1s alto en las canchas europeas.<img decoding=\"async\" class=\"size-medium wp-image-43751 alignleft lazyload\" data-src=\"https:\/\/laverdadpublica.com\/wp-content\/uploads\/2025\/04\/IMG-20250426-WA0009-203x300.jpg\" alt=\"\" width=\"203\" height=\"300\" data-srcset=\"https:\/\/laverdadpublica.com\/wp-content\/uploads\/2025\/04\/IMG-20250426-WA0009-203x300.jpg 203w, https:\/\/laverdadpublica.com\/wp-content\/uploads\/2025\/04\/IMG-20250426-WA0009.jpg 649w\" data-sizes=\"(max-width: 203px) 100vw, 203px\" src=\"data:image\/svg+xml;base64,PHN2ZyB3aWR0aD0iMSIgaGVpZ2h0PSIxIiB4bWxucz0iaHR0cDovL3d3dy53My5vcmcvMjAwMC9zdmciPjwvc3ZnPg==\" style=\"--smush-placeholder-width: 203px; --smush-placeholder-aspect-ratio: 203\/300;\" \/><\/p>\n<p style=\"text-align: justify;\">Actualmente forma parte del club Chev Diekirch en Luxemburgo, pa\u00eds que comparte frontera con Alemania, B\u00e9lgica y Francia. Su desempe\u00f1o ha sido reconocido con una nominaci\u00f3n a los Premios Gladiadores en el Extranjero, que honran a los mejores representantes de la comunidad latina en Europa en diversas categor\u00edas.<\/p>\n<p style=\"text-align: justify;\">Con una trayectoria internacional que comenz\u00f3 en 2006, Abreu ha defendido los colores de equipos en B\u00e9lgica, Francia, Italia, L\u00edbano y Luxemburgo. Entre los clubes en los que ha jugado se encuentran Beivoc Humbeek, VC <img decoding=\"async\" class=\"size-medium wp-image-43750 alignright lazyload\" data-src=\"https:\/\/laverdadpublica.com\/wp-content\/uploads\/2025\/04\/IMG-20250426-WA0010-200x300.jpg\" alt=\"\" width=\"200\" height=\"300\" data-srcset=\"https:\/\/laverdadpublica.com\/wp-content\/uploads\/2025\/04\/IMG-20250426-WA0010-200x300.jpg 200w, https:\/\/laverdadpublica.com\/wp-content\/uploads\/2025\/04\/IMG-20250426-WA0010.jpg 639w\" data-sizes=\"(max-width: 200px) 100vw, 200px\" src=\"data:image\/svg+xml;base64,PHN2ZyB3aWR0aD0iMSIgaGVpZ2h0PSIxIiB4bWxucz0iaHR0cDovL3d3dy53My5vcmcvMjAwMC9zdmciPjwvc3ZnPg==\" style=\"--smush-placeholder-width: 200px; --smush-placeholder-aspect-ratio: 200\/300;\" \/>Global Wineries Kapellen, Dunkerque Grand Littoral Volley-Ball, Axis Shanks Guibertin, VBC Waremme y Chev Diekirch. Su experiencia y liderazgo en la cancha lo han consolidado como uno de los jugadores m\u00e1s respetados en su posici\u00f3n.<\/p>\n<p style=\"text-align: justify;\">A nivel nacional, Francisco Abreu se ha destacado tambi\u00e9n en la selecci\u00f3n dominicana de voleibol, participando en competencias internacionales y logrando importantes reconocimientos. Su dedicaci\u00f3n y compromiso han contribuido significativamente a poner la bandera dominicana en alto, mostrando el talento y la pasi\u00f3n del deporte en representaci\u00f3n de su pa\u00eds.<img decoding=\"async\" class=\"size-medium wp-image-43749 alignleft lazyload\" data-src=\"https:\/\/laverdadpublica.com\/wp-content\/uploads\/2025\/04\/IMG-20250426-WA0011-248x300.jpg\" alt=\"\" width=\"248\" height=\"300\" data-srcset=\"https:\/\/laverdadpublica.com\/wp-content\/uploads\/2025\/04\/IMG-20250426-WA0011-248x300.jpg 248w, https:\/\/laverdadpublica.com\/wp-content\/uploads\/2025\/04\/IMG-20250426-WA0011.jpg 585w\" data-sizes=\"(max-width: 248px) 100vw, 248px\" src=\"data:image\/svg+xml;base64,PHN2ZyB3aWR0aD0iMSIgaGVpZ2h0PSIxIiB4bWxucz0iaHR0cDovL3d3dy53My5vcmcvMjAwMC9zdmciPjwvc3ZnPg==\" style=\"--smush-placeholder-width: 248px; --smush-placeholder-aspect-ratio: 248\/300;\" \/><\/p>\n<p style=\"text-align: justify;\">La nominaci\u00f3n a los Premios Gladiadores en el Extranjero reconoce no solo su talento deportivo, sino tambi\u00e9n su compromiso, disciplina y el orgullo que transmite al representar a la Rep\u00fablica Dominicana en escenarios internacionales. Francisco Abreu contin\u00faa escribiendo su historia con pasi\u00f3n y entrega, demostrando que el trabajo constante y la perseverancia abren puertas m\u00e1s all\u00e1 de las fronteras.<\/p>\n<p>Fuente: Ingrid Abreu Comunicaci\u00f3n<\/p>\n","protected":false},"excerpt":{"rendered":"<p>Luxemburgo, abril de 2025. \u2014 Francisco Alberto Abreu L\u00f3pez, nacido el 26 de marzo de<\/p>\n","protected":false},"author":2,"featured_media":43746,"comment_status":"open","ping_status":"open","sticky":false,"template":"","format":"standard","meta":{"footnotes":""},"categories":[3],"tags":[],"class_list":["post-43744","post","type-post","status-publish","format-standard","has-post-thumbnail","hentry","category-deportes"],"_links":{"self":[{"href":"https:\/\/laverdadpublica.com\/index.php\/wp-json\/wp\/v2\/posts\/43744","targetHints":{"allow":["GET"]}}],"collection":[{"href":"https:\/\/laverdadpublica.com\/index.php\/wp-json\/wp\/v2\/posts"}],"about":[{"href":"https:\/\/laverdadpublica.com\/index.php\/wp-json\/wp\/v2\/types\/post"}],"author":[{"embeddable":true,"href":"https:\/\/laverdadpublica.com\/index.php\/wp-json\/wp\/v2\/users\/2"}],"replies":[{"embeddable":true,"href":"https:\/\/laverdadpublica.com\/index.php\/wp-json\/wp\/v2\/comments?post=43744"}],"version-history":[{"count":1,"href":"https:\/\/laverdadpublica.com\/index.php\/wp-json\/wp\/v2\/posts\/43744\/revisions"}],"predecessor-version":[{"id":43752,"href":"https:\/\/laverdadpublica.com\/index.php\/wp-json\/wp\/v2\/posts\/43744\/revisions\/43752"}],"wp:featuredmedia":[{"embeddable":true,"href":"https:\/\/laverdadpublica.com\/index.php\/wp-json\/wp\/v2\/media\/43746"}],"wp:attachment":[{"href":"https:\/\/laverdadpublica.com\/index.php\/wp-json\/wp\/v2\/media?parent=43744"}],"wp:term":[{"taxonomy":"category","embeddable":true,"href":"https:\/\/laverdadpublica.com\/index.php\/wp-json\/wp\/v2\/categories?post=43744"},{"taxonomy":"post_tag","embeddable":true,"href":"https:\/\/laverdadpublica.com\/index.php\/wp-json\/wp\/v2\/tags?post=43744"}],"curies":[{"name":"wp","href":"https:\/\/api.w.org\/{rel}","templated":true}]}}