{"id":43790,"date":"2025-04-27T03:31:49","date_gmt":"2025-04-27T03:31:49","guid":{"rendered":"https:\/\/laverdadpublica.com\/?p=43790"},"modified":"2025-04-27T03:31:49","modified_gmt":"2025-04-27T03:31:49","slug":"periodista-dominicana-ada-guzman-sera-reconocida-con-el-lifetime-humanitarian-achievement-award-por-su-destacada-trayectoria-en-comunicacion-y-salud","status":"publish","type":"post","link":"https:\/\/laverdadpublica.com\/index.php\/2025\/04\/27\/periodista-dominicana-ada-guzman-sera-reconocida-con-el-lifetime-humanitarian-achievement-award-por-su-destacada-trayectoria-en-comunicacion-y-salud\/","title":{"rendered":"Periodista dominicana Ada Guzm\u00e1n ser\u00e1 reconocida con el Lifetime Humanitarian Achievement Award por su destacada trayectoria en comunicaci\u00f3n y salud"},"content":{"rendered":"<blockquote>\n<p style=\"text-align: justify;\">La profesional de la comunicaci\u00f3n recibir\u00e1 el galard\u00f3n internacional el pr\u00f3ximo 23 de mayo, en reconocimiento a m\u00e1s de dos d\u00e9cadas de labor social y compromiso con la promoci\u00f3n de la salud en comunidades vulnerables.<\/p>\n<\/blockquote>\n<p style=\"text-align: justify;\"><strong>Santo Domingo, Rep\u00fablica Dominicana.<\/strong> \u2013 La reconocida periodista y gestora en salud Ada Guzm\u00e1n ha sido seleccionada para recibir el Lifetime Humanitarian Achievement Award, un prestigioso reconocimiento internacional que destaca trayectorias profesionales comprometidas con el bienestar social, la equidad y la transformaci\u00f3n comunitaria. La ceremonia oficial de premiaci\u00f3n tendr\u00e1 lugar el pr\u00f3ximo 23 de mayo en Miami.<\/p>\n<p style=\"text-align: justify;\">Con m\u00e1s de 20 a\u00f1os de servicio ininterrumpido en el \u00e1mbito de la comunicaci\u00f3n social y la salud, Guzm\u00e1n ha dejado una huella significativa en diversas plataformas de acci\u00f3n comunitaria. Su trabajo en la Fundaci\u00f3n Cruz Jimini\u00e1n, as\u00ed como su rol como encargada de Comunicaci\u00f3n del Servicio Regional de Salud Metropolitano (SRSM), dan cuenta de su firme compromiso con los sectores m\u00e1s vulnerables de la sociedad dominicana.<\/p>\n<p style=\"text-align: justify;\">Actualmente, Guzm\u00e1n tambi\u00e9n ocupa el cargo de encargada de Relaciones Internacionales del C\u00edrculo de Periodistas de la Salud (CIPESA), desde donde ha fortalecido v\u00ednculos estrat\u00e9gicos entre actores nacionales e internacionales del \u00e1mbito sanitario y comunicacional. Al ser entrevistada por este medio, la periodista expres\u00f3:<\/p>\n<blockquote>\n<p style=\"text-align: justify;\">\u00abRecibir este reconocimiento representa para m\u00ed un compromiso renovado con las causas que he defendido durante toda mi carrera: la equidad en salud, el acceso a la informaci\u00f3n veraz y el respeto por la dignidad de cada ser humano. La comunicaci\u00f3n con enfoque social es una herramienta poderosa para generar conciencia, movilizar comunidades y contribuir al bienestar colectivo.\u00bb<\/p>\n<\/blockquote>\n<p style=\"text-align: justify;\">El Lifetime Humanitarian Achievement Award es otorgado a profesionales cuya labor ha tenido un impacto significativo en la vida de las personas, particularmente en contextos de vulnerabilidad social y sanitaria. Guzm\u00e1n se suma as\u00ed a una destacada lista de l\u00edderes internacionales cuyo legado inspira nuevas generaciones de comunicadores y promotores sociales.<\/p>\n<p style=\"text-align: justify;\">Este reconocimiento reafirma su posici\u00f3n como referente en el periodismo comprometido, y como una voz autorizada en los procesos de transformaci\u00f3n social a trav\u00e9s de la comunicaci\u00f3n estrat\u00e9gica para la salud.<\/p>\n<p>Fuente: Informaciones a Nivel<\/p>\n","protected":false},"excerpt":{"rendered":"<p>La profesional de la comunicaci\u00f3n recibir\u00e1 el galard\u00f3n internacional el pr\u00f3ximo 23 de mayo, en<\/p>\n","protected":false},"author":4,"featured_media":43791,"comment_status":"open","ping_status":"open","sticky":false,"template":"","format":"standard","meta":{"footnotes":""},"categories":[7],"tags":[],"class_list":["post-43790","post","type-post","status-publish","format-standard","has-post-thumbnail","hentry","category-nacionales"],"_links":{"self":[{"href":"https:\/\/laverdadpublica.com\/index.php\/wp-json\/wp\/v2\/posts\/43790","targetHints":{"allow":["GET"]}}],"collection":[{"href":"https:\/\/laverdadpublica.com\/index.php\/wp-json\/wp\/v2\/posts"}],"about":[{"href":"https:\/\/laverdadpublica.com\/index.php\/wp-json\/wp\/v2\/types\/post"}],"author":[{"embeddable":true,"href":"https:\/\/laverdadpublica.com\/index.php\/wp-json\/wp\/v2\/users\/4"}],"replies":[{"embeddable":true,"href":"https:\/\/laverdadpublica.com\/index.php\/wp-json\/wp\/v2\/comments?post=43790"}],"version-history":[{"count":1,"href":"https:\/\/laverdadpublica.com\/index.php\/wp-json\/wp\/v2\/posts\/43790\/revisions"}],"predecessor-version":[{"id":43792,"href":"https:\/\/laverdadpublica.com\/index.php\/wp-json\/wp\/v2\/posts\/43790\/revisions\/43792"}],"wp:featuredmedia":[{"embeddable":true,"href":"https:\/\/laverdadpublica.com\/index.php\/wp-json\/wp\/v2\/media\/43791"}],"wp:attachment":[{"href":"https:\/\/laverdadpublica.com\/index.php\/wp-json\/wp\/v2\/media?parent=43790"}],"wp:term":[{"taxonomy":"category","embeddable":true,"href":"https:\/\/laverdadpublica.com\/index.php\/wp-json\/wp\/v2\/categories?post=43790"},{"taxonomy":"post_tag","embeddable":true,"href":"https:\/\/laverdadpublica.com\/index.php\/wp-json\/wp\/v2\/tags?post=43790"}],"curies":[{"name":"wp","href":"https:\/\/api.w.org\/{rel}","templated":true}]}}