{"id":43823,"date":"2025-04-27T18:49:27","date_gmt":"2025-04-27T18:49:27","guid":{"rendered":"https:\/\/laverdadpublica.com\/?p=43823"},"modified":"2025-04-28T18:55:19","modified_gmt":"2025-04-28T18:55:19","slug":"inicia-este-lunes-semana-de-la-etica-2025-con-mas-de-500-actividades","status":"publish","type":"post","link":"https:\/\/laverdadpublica.com\/index.php\/2025\/04\/27\/inicia-este-lunes-semana-de-la-etica-2025-con-mas-de-500-actividades\/","title":{"rendered":"Inicia este lunes Semana de la \u00c9tica 2025 con m\u00e1s de 500 actividades"},"content":{"rendered":"<div class=\"row\"><\/div>\n<div class=\"row\">\n<p><strong style=\"text-align: justify;\">Santo Domingo, abril de 2025.<\/strong><span style=\"text-align: justify;\"> La<\/span><a style=\"text-align: justify;\" href=\"https:\/\/www.digeig.gob.do\/\">\u00a0Direcci\u00f3n General de \u00c9tica e Integridad Gubernamental\u00a0<\/a><span style=\"text-align: justify;\">(DIGEIG) junto a la\u00a0<\/span><a style=\"text-align: justify;\" href=\"https:\/\/www.elcaribe.com.do\/panorama\/pais\/comision-permanente-camara-de-cuentas-en-cd-convoca-reunion-para-esta-tarde\/\">Comisi\u00f3n Permanente<\/a><span style=\"text-align: justify;\">\u00a0lanzan oficialmente la celebraci\u00f3n nacional de la Semana de la \u00c9tica Ciudadana 2025, una iniciativa que une a las instituciones del Estado en torno a los valores de la transparencia, el cumplimiento normativo y la cultura integridad.<\/span><\/p>\n<article id=\"post-1803645\" class=\"post-1803645 post type-post status-publish format-standard has-post-thumbnail hentry category-pais tag-comision-permanente tag-semana-de-la-etica-2025\">\n<div class=\"entry-content\">\n<div class=\"content\">\n<p style=\"text-align: justify;\">Bajo el lema \u201cJuntos somos integridad\u201d, m\u00e1s de 100 instituciones p\u00fablicas se han sumado con un calendario diverso de actividades simultaneas presenciales y virtuales del 28 de abril al 2 de mayo, enmarcadas en la conmemoraci\u00f3n del 29 de abril D\u00eda Nacional de la \u00c9tica Ciudadana.<\/p>\n<p style=\"text-align: justify;\">Desde charlas, conferencias, cinef\u00f3rums, concursos y campa\u00f1as digitales hasta exposiciones, murales y jornadas de reflexi\u00f3n en centros educativos y comunitarios, la Semana promueve la participaci\u00f3n de los servidores p\u00fablicos y de la ciudadan\u00eda como actores clave en la construcci\u00f3n de un Estado \u00edntegro.<\/p>\n<div id=\"\" class=\"mmc_ads \" style=\"text-align: justify;\">\n<div id=\"div-gpt-ad-elCaribe_300x250_inread\" class=\"\" data-google-query-id=\"CJvHyfOx-4wDFegVigMdzjIDMA\">\n<div id=\"google_ads_iframe_\/22084339\/elCaribe_300x250_inread_0__container__\">As\u00ed como campa\u00f1as en redes sociales con los hashtags oficiales: #SemanaDeLa\u00c9tica2025, #JuntosSomosIntegridad, #\u00c9ticaEsIntegridad y #DominicanaSinCorrupci\u00f3n. Se desarrollar\u00e1n actividades tanto internas como abiertas al p\u00fablico, reafirmando el compromiso colectivo con la integridad en la gesti\u00f3n p\u00fablica.<\/div>\n<\/div>\n<\/div>\n<p style=\"text-align: justify;\">Al presentar el programa de actividades la doctora Milagros Ortiz Bosch resalt\u00f3 que la integridad no es un valor individual si no una responsabilidad compartida, \u201cpor eso este a\u00f1o invitamos a todas las instituciones a construir, en conjunto, una administraci\u00f3n p\u00fablica m\u00e1s integra, transparente y cercana a la gente\u201d, expres\u00f3.<\/p>\n<p style=\"text-align: justify;\">Las Comisiones de Integridad Gubernamental y Cumplimiento Normativo (CIGCN) y a los Oficiales de Integridad Gubernamental (OIG), son los l\u00edderes naturales de este proceso institucional, quienes van a dinamizar las actividades en cada entidad p\u00fablica.<\/p>\n<div id=\"\" class=\"mmc_ads \" style=\"text-align: justify;\">\n<div id=\"div-gpt-ad-elCaribe_300x250_inread\" class=\"\">En estas jornadas se estar\u00e1n abordando d temas clave como la prevenci\u00f3n de conflictos de inter\u00e9s, la gesti\u00f3n de riesgos de corrupci\u00f3n, el fortalecimiento del cumplimiento normativo y la promoci\u00f3n de buenas pr\u00e1cticas en el servicio p\u00fablico, todo dentro de un enfoque inclusivo, participativo y orientado al fortalecimiento de la cultura de integridad.<\/div>\n<\/div>\n<p style=\"text-align: justify;\">Con estas actividades la DIGEIG busca no solo conmemorar un d\u00eda simb\u00f3lico, sino instaurar h\u00e1bitos permanentes de integridad institucional, fortaleciendo el v\u00ednculo entre ciudadan\u00eda y gobierno, desde la prevenci\u00f3n y la educaci\u00f3n en valores.<\/p>\n<p style=\"text-align: justify;\">Para m\u00e1s informaci\u00f3n, las actividades est\u00e1n disponibles en el portal oficial de la Direcci\u00f3n General de \u00c9tica e Integridad Gubernamental en www.digeig.gob.do.<\/p>\n<\/div>\n<\/div>\n<\/article>\n<p>&nbsp;<\/p>\n<\/div>\n<p>&nbsp;<\/p>\n<p>Fuente: El Caribe<\/p>\n","protected":false},"excerpt":{"rendered":"<p>Santo Domingo, abril de 2025. La\u00a0Direcci\u00f3n General de \u00c9tica e Integridad Gubernamental\u00a0(DIGEIG) junto a la\u00a0Comisi\u00f3n<\/p>\n","protected":false},"author":4,"featured_media":43824,"comment_status":"open","ping_status":"open","sticky":false,"template":"","format":"standard","meta":{"footnotes":""},"categories":[7],"tags":[],"class_list":["post-43823","post","type-post","status-publish","format-standard","has-post-thumbnail","hentry","category-nacionales"],"_links":{"self":[{"href":"https:\/\/laverdadpublica.com\/index.php\/wp-json\/wp\/v2\/posts\/43823","targetHints":{"allow":["GET"]}}],"collection":[{"href":"https:\/\/laverdadpublica.com\/index.php\/wp-json\/wp\/v2\/posts"}],"about":[{"href":"https:\/\/laverdadpublica.com\/index.php\/wp-json\/wp\/v2\/types\/post"}],"author":[{"embeddable":true,"href":"https:\/\/laverdadpublica.com\/index.php\/wp-json\/wp\/v2\/users\/4"}],"replies":[{"embeddable":true,"href":"https:\/\/laverdadpublica.com\/index.php\/wp-json\/wp\/v2\/comments?post=43823"}],"version-history":[{"count":3,"href":"https:\/\/laverdadpublica.com\/index.php\/wp-json\/wp\/v2\/posts\/43823\/revisions"}],"predecessor-version":[{"id":43827,"href":"https:\/\/laverdadpublica.com\/index.php\/wp-json\/wp\/v2\/posts\/43823\/revisions\/43827"}],"wp:featuredmedia":[{"embeddable":true,"href":"https:\/\/laverdadpublica.com\/index.php\/wp-json\/wp\/v2\/media\/43824"}],"wp:attachment":[{"href":"https:\/\/laverdadpublica.com\/index.php\/wp-json\/wp\/v2\/media?parent=43823"}],"wp:term":[{"taxonomy":"category","embeddable":true,"href":"https:\/\/laverdadpublica.com\/index.php\/wp-json\/wp\/v2\/categories?post=43823"},{"taxonomy":"post_tag","embeddable":true,"href":"https:\/\/laverdadpublica.com\/index.php\/wp-json\/wp\/v2\/tags?post=43823"}],"curies":[{"name":"wp","href":"https:\/\/api.w.org\/{rel}","templated":true}]}}