{"id":44447,"date":"2025-07-04T13:04:10","date_gmt":"2025-07-04T13:04:10","guid":{"rendered":"https:\/\/laverdadpublica.com\/?p=44447"},"modified":"2025-07-04T13:04:10","modified_gmt":"2025-07-04T13:04:10","slug":"3-de-julio-dia-internacional-libre-de-bolsas-de-plastico","status":"publish","type":"post","link":"https:\/\/laverdadpublica.com\/index.php\/2025\/07\/04\/3-de-julio-dia-internacional-libre-de-bolsas-de-plastico\/","title":{"rendered":"3 de julio \u2013 D\u00eda Internacional Libre de Bolsas de Pl\u00e1stico"},"content":{"rendered":"<div class=\"NTPm6 idxFD HynGd WWy1F\">\n<div class=\"sD_4q\">\n<div class=\"E6cmw\">\n<div class=\"jmmB7 pYavq\">\n<div class=\"Ip16l\">\n<div class=\"t6myu\">\n<div class=\"gJ7Jn\">\n<div class=\"adPpR mJflQ allowTextSelection\" role=\"heading\" aria-level=\"2\"><\/div>\n<\/div>\n<\/div>\n<\/div>\n<\/div>\n<\/div>\n<\/div>\n<\/div>\n<div class=\"L72vd\">\n<div class=\"Q8TCC yyYQP customScrollBar\" tabindex=\"-1\" aria-label=\"1 mensajes\" data-app-section=\"ConversationContainer\" data-is-scrollable=\"true\">\n<div class=\"ZOM9m\">\n<div class=\"aVla3\">\n<div class=\"BS0OK\" aria-expanded=\"true\">\n<div class=\"fui-FluentProvider fui-FluentProviderrhm ___5n94it0 f19n0e5 f3rmtva fgusgyc fk6fouc fkhj508 figsok6 fytdu2e\" dir=\"ltr\">\n<div class=\"wide-content-host\">\n<div id=\"focused\" class=\"SlLx9 WWy1F byzS1 WWy1F\" tabindex=\"-1\" aria-label=\"Mensaje de correo electr\u00f3nico\">\n<div class=\"uSg02\">\n<div class=\"DrnCK l8Tnu\">\n<div class=\"srQCs\">\n<div class=\"ug93r\" style=\"text-align: justify;\" data-testid=\"ReactionsWell\">Hoy, celebramos el <b>D\u00eda Internacional Libre de Bolsas de Pl\u00e1stico,\u00a0<\/b>fecha que tiene como objetivo concienciar sobre los efectos nocivos del uso de bolsas pl\u00e1sticas de un solo uso y fomentar pr\u00e1cticas m\u00e1s sostenibles.<\/div>\n<div style=\"text-align: justify;\" data-testid=\"ReactionsWell\"><\/div>\n<div style=\"text-align: justify;\" data-testid=\"ReactionsWell\">Esta fecha fue instaurada por organizaciones ambientales internacionales como parte de los esfuerzos para reducir la contaminaci\u00f3n pl\u00e1stica en oc\u00e9anos, r\u00edos y ecosistemas urbanos.<\/div>\n<div style=\"text-align: justify;\" data-testid=\"ReactionsWell\"><\/div>\n<\/div>\n<\/div>\n<\/div>\n<div role=\"document\">\n<div id=\"UniqueMessageBody_91\" class=\"XbIp4 jmmB7 GNqVo allowTextSelection OuGoX\" tabindex=\"0\" aria-label=\"Cuerpo del mensaje\">\n<div class=\"BIZfh\">\n<div class=\"rps_5481\">\n<div dir=\"ltr\">\n<div class=\"x_elementToProof\" style=\"text-align: justify;\">El pl\u00e1stico puede tardar hasta 400 a\u00f1os en degradarse, lo que representa un desaf\u00edo para el medio ambiente. Este d\u00eda promueve la adopci\u00f3n de bolsas reutilizables y la reducci\u00f3n del consumo innecesario de productos pl\u00e1sticos.<\/div>\n<\/div>\n<\/div>\n<\/div>\n<\/div>\n<\/div>\n<\/div>\n<\/div>\n<\/div>\n<\/div>\n<\/div>\n<\/div>\n<\/div>\n<\/div>\n<div><\/div>\n<blockquote>\n<div style=\"text-align: center;\">Como humanidad debemos concientizarnos sobre el da\u00f1o que los productos qu\u00edmicos ocasionan a los ecosistemas, al medio ambiente y a la salud en general. Por el derecho a un medio ambiente limpio, sano, digno y ecol\u00f3gicamente armonioso, debemos cuidar el uso de estos materiales y retomar el uso de objetos reutilizables y con mayor tiempo de vida: como bolsas de tela, art\u00edculos de segunda mano, y m\u00e1s productos amigables con el ambiente.<\/div>\n<\/blockquote>\n<div><\/div>\n<div><\/div>\n<div>Fuente: Comisi\u00f3n Mexicana de DD.HH.<\/div>\n","protected":false},"excerpt":{"rendered":"<p>Hoy, celebramos el D\u00eda Internacional Libre de Bolsas de Pl\u00e1stico,\u00a0fecha que tiene como objetivo concienciar<\/p>\n","protected":false},"author":2,"featured_media":44448,"comment_status":"open","ping_status":"open","sticky":false,"template":"","format":"standard","meta":{"footnotes":""},"categories":[233],"tags":[],"class_list":["post-44447","post","type-post","status-publish","format-standard","has-post-thumbnail","hentry","category-medio-ambiente"],"_links":{"self":[{"href":"https:\/\/laverdadpublica.com\/index.php\/wp-json\/wp\/v2\/posts\/44447","targetHints":{"allow":["GET"]}}],"collection":[{"href":"https:\/\/laverdadpublica.com\/index.php\/wp-json\/wp\/v2\/posts"}],"about":[{"href":"https:\/\/laverdadpublica.com\/index.php\/wp-json\/wp\/v2\/types\/post"}],"author":[{"embeddable":true,"href":"https:\/\/laverdadpublica.com\/index.php\/wp-json\/wp\/v2\/users\/2"}],"replies":[{"embeddable":true,"href":"https:\/\/laverdadpublica.com\/index.php\/wp-json\/wp\/v2\/comments?post=44447"}],"version-history":[{"count":1,"href":"https:\/\/laverdadpublica.com\/index.php\/wp-json\/wp\/v2\/posts\/44447\/revisions"}],"predecessor-version":[{"id":44449,"href":"https:\/\/laverdadpublica.com\/index.php\/wp-json\/wp\/v2\/posts\/44447\/revisions\/44449"}],"wp:featuredmedia":[{"embeddable":true,"href":"https:\/\/laverdadpublica.com\/index.php\/wp-json\/wp\/v2\/media\/44448"}],"wp:attachment":[{"href":"https:\/\/laverdadpublica.com\/index.php\/wp-json\/wp\/v2\/media?parent=44447"}],"wp:term":[{"taxonomy":"category","embeddable":true,"href":"https:\/\/laverdadpublica.com\/index.php\/wp-json\/wp\/v2\/categories?post=44447"},{"taxonomy":"post_tag","embeddable":true,"href":"https:\/\/laverdadpublica.com\/index.php\/wp-json\/wp\/v2\/tags?post=44447"}],"curies":[{"name":"wp","href":"https:\/\/api.w.org\/{rel}","templated":true}]}}