{"id":4491,"date":"2023-04-20T16:11:08","date_gmt":"2023-04-20T16:11:08","guid":{"rendered":"https:\/\/laverdadpublica.com\/?p=4491"},"modified":"2023-04-21T16:14:56","modified_gmt":"2023-04-21T16:14:56","slug":"republica-dominicana-recibe-donacion-de-mexico-para-el-rescate-de-archivos-historicos","status":"publish","type":"post","link":"https:\/\/laverdadpublica.com\/index.php\/2023\/04\/20\/republica-dominicana-recibe-donacion-de-mexico-para-el-rescate-de-archivos-historicos\/","title":{"rendered":"Rep\u00fablica Dominicana recibe donaci\u00f3n de M\u00e9xico para el rescate de archivos hist\u00f3ricos"},"content":{"rendered":"<div class=\"top-part\">\n<h2 class=\"bajada\">La donaci\u00f3n de un equipo de escaneo se realiz\u00f3 en el marco de la visita al pa\u00eds de Beatriz Guti\u00e9rrez M\u00fcller, enviada especial del presidente Manuel L\u00f3pez Obrador.<\/h2>\n<div class=\"autor-share-holder\">\n<div class=\"autor\">\n<p class=\"text-font\">\n<\/div>\n<\/div>\n<\/div>\n<div class=\"nota-share vertical-share flex-container flex-column justify-between hide-mobile in-view\"><\/div>\n<div class=\"banner-box\"><\/div>\n<div class=\"article-body-content\"><picture class=\"preview-image\"><img decoding=\"async\" class=\"aligncenter lazyload\" data-src=\"https:\/\/acentos3.s3.us-east-2.amazonaws.com\/media\/storage02\/uploads\/2023\/04\/unnamed-39-728x410.webp\" data-desktop=\"https:\/\/acentos3.s3.us-east-2.amazonaws.com\/media\/storage02\/uploads\/2023\/04\/unnamed-39-728x410.webp\" data-mobile=\"https:\/\/acentos3.s3.us-east-2.amazonaws.com\/media\/storage02\/uploads\/2023\/04\/unnamed-39-400x225.webp\" src=\"data:image\/svg+xml;base64,PHN2ZyB3aWR0aD0iMSIgaGVpZ2h0PSIxIiB4bWxucz0iaHR0cDovL3d3dy53My5vcmcvMjAwMC9zdmciPjwvc3ZnPg==\" style=\"--smush-placeholder-width: 728px; --smush-placeholder-aspect-ratio: 728\/410;\" \/><\/picture><\/div>\n<div><\/div>\n<div class=\"article-body-content\">\n<p>La primera dama Raquel Arbaje firm\u00f3 en calidad de testigo una carta de intenci\u00f3n de donaci\u00f3n junto a Beatriz Guti\u00e9rrez M\u00fcller, enviada especial del presidente de M\u00e9xico, Manuel L\u00f3pez Obrador, quien vino al pa\u00eds a entregar un equipo de escaneo para el rescate de archivos hist\u00f3ricos al Archivo General de la Naci\u00f3n.La visita Guti\u00e9rrez M\u00fcller incluy\u00f3 un acto de entrega, realizado en el Sal\u00f3n Las Cari\u00e1tides del Palacio Nacional, en el que estuvieron presentes la ministra de Cultura, Milagros Germ\u00e1n, y el viceministro para Asuntos Econ\u00f3micos y Cooperaci\u00f3n Internacional del Ministerio de Relaciones Exteriores de Rep\u00fablica Dominicana, Hugo Rivera.<\/p>\n<p>Asimismo, el embajador de M\u00e9xico en el pa\u00eds, Miguel Aysa Gonz\u00e1lez; la directora ejecutiva de la Agencia Mexicana de Cooperaci\u00f3n Internacional para el Desarrollo (Amexcid), Laura Elena Carrillo; el director del Archivo General de M\u00e9xico, Carlos Ruiz Abreu, y el director del Archivo General de la Naci\u00f3n (AGN), Roberto Cass\u00e1.<\/p>\n<p>Al ofrecer las palabras de bienvenida, Arbaje destac\u00f3 que a la Rep\u00fablica Dominicana y a M\u00e9xico les unen lazos que trascienden la cooperaci\u00f3n para el desarrollo bilateral y regional.<\/p>\n<picture class=\"image\"><img decoding=\"async\" class=\"aligncenter lazyload\" data-src=\"https:\/\/acentos3.s3.us-east-2.amazonaws.com\/media\/storage02\/uploads\/2023\/04\/unnamed-1-7-full-728x410.webp\" alt=\" La primera dama, Raquel Arbaje.\" width=\"890\" height=\"501\" src=\"data:image\/svg+xml;base64,PHN2ZyB3aWR0aD0iMSIgaGVpZ2h0PSIxIiB4bWxucz0iaHR0cDovL3d3dy53My5vcmcvMjAwMC9zdmciPjwvc3ZnPg==\" style=\"--smush-placeholder-width: 890px; --smush-placeholder-aspect-ratio: 890\/501;\" \/><\/picture>\n<p>&nbsp;<\/p>\n<p>\u201cEn nuestra com\u00fan historia destaca la solidaridad incondicional mexicana con las luchas por la democracia y la libertad de los dominicanos y dominicanas, sostuvo la primera dama al tiempo de indicar que la visita y el prop\u00f3sito que anima a la Dra. Guti\u00e9rrez M\u00fcller son una muestra de la amistad entre ambos pueblos.<\/p>\n<p>En tanto, la Dra. Guti\u00e9rrez M\u00fcller agradeci\u00f3 el recibimiento de la primera dama Raquel Arbaje y explic\u00f3 que la donaci\u00f3n del Gobierno de su pa\u00eds de un equipo de escaneo para el rescate de archivos hist\u00f3ricos se realiza en el marco de la cooperaci\u00f3n internacional para el desarrollo con naciones de Centroam\u00e9rica y del Caribe.<\/p>\n<p>\u201cEs un honor entregar este equipo a las autoridades. Para nosotros la conservaci\u00f3n de la memoria hist\u00f3rica es fundamental, por eso estoy segura que para ustedes es una herramienta m\u00e1s para proteger su patrimonio y poderlo difundir\u201d, indic\u00f3.<\/p>\n<picture class=\"image\"><img decoding=\"async\" class=\"aligncenter lazyload\" data-src=\"https:\/\/acentos3.s3.us-east-2.amazonaws.com\/media\/storage02\/uploads\/2023\/04\/unnamed-3-5-full-728x410.webp\" alt=\" El director del Archivo General de la Naci\u00f3n (AGN), Roberto Cass\u00e1.\" width=\"758\" height=\"427\" src=\"data:image\/svg+xml;base64,PHN2ZyB3aWR0aD0iMSIgaGVpZ2h0PSIxIiB4bWxucz0iaHR0cDovL3d3dy53My5vcmcvMjAwMC9zdmciPjwvc3ZnPg==\" style=\"--smush-placeholder-width: 758px; --smush-placeholder-aspect-ratio: 758\/427;\" \/><\/picture>\n<p>&nbsp;<\/p>\n<picture class=\"image\">El director del Archivo General de la Naci\u00f3n (AGN), Roberto Cass\u00e1.<\/picture>El Dr. Cass\u00e1 expres\u00f3 que en las tareas de digitalizaci\u00f3n que emprende el AGN no se hab\u00eda tenido un equipo que conjugue versatilidad y calidad de imagen como el donado por M\u00e9xico, lo que permitir\u00e1 ampliar el programa de recuperaci\u00f3n de patrimonio documental que se lleva a cabo por todo el pa\u00eds.<\/p>\n<p>Asimismo, la Dra. Carrillo, de Amexcid, inform\u00f3 que esta donaci\u00f3n incluir\u00e1 las capacitaciones t\u00e9cnicas que sean necesarias.<\/p>\n<p>La primera muestra de amistad entre la Rep\u00fablica Dominicana y M\u00e9xico ocurri\u00f3 el 11 de mayo de 1867, cuando el Congreso Nacional Dominicano declar\u00f3 al presidente de M\u00e9xico, Benito Ju\u00e1rez, \u00abBenem\u00e9rito de las Am\u00e9ricas\u00bb.<\/p>\n<p>En la actualidad, M\u00e9xico es el segundo inversionista en la Rep\u00fablica Dominicana, con una inversi\u00f3n acumulada que supera los 10,000 millones de d\u00f3lares, que han creado unos 30,000 empleos directos<\/p>\n<\/div>\n<p>Fuente: Acento RD<\/p>\n<div class=\"article-body-content\">\n<p>&nbsp;<\/p>\n<\/div>\n","protected":false},"excerpt":{"rendered":"<p>La donaci\u00f3n de un equipo de escaneo se realiz\u00f3 en el marco de la visita<\/p>\n","protected":false},"author":2,"featured_media":0,"comment_status":"open","ping_status":"open","sticky":false,"template":"","format":"standard","meta":{"footnotes":""},"categories":[7,11],"tags":[],"class_list":["post-4491","post","type-post","status-publish","format-standard","hentry","category-nacionales","category-turismo"],"_links":{"self":[{"href":"https:\/\/laverdadpublica.com\/index.php\/wp-json\/wp\/v2\/posts\/4491","targetHints":{"allow":["GET"]}}],"collection":[{"href":"https:\/\/laverdadpublica.com\/index.php\/wp-json\/wp\/v2\/posts"}],"about":[{"href":"https:\/\/laverdadpublica.com\/index.php\/wp-json\/wp\/v2\/types\/post"}],"author":[{"embeddable":true,"href":"https:\/\/laverdadpublica.com\/index.php\/wp-json\/wp\/v2\/users\/2"}],"replies":[{"embeddable":true,"href":"https:\/\/laverdadpublica.com\/index.php\/wp-json\/wp\/v2\/comments?post=4491"}],"version-history":[{"count":3,"href":"https:\/\/laverdadpublica.com\/index.php\/wp-json\/wp\/v2\/posts\/4491\/revisions"}],"predecessor-version":[{"id":4496,"href":"https:\/\/laverdadpublica.com\/index.php\/wp-json\/wp\/v2\/posts\/4491\/revisions\/4496"}],"wp:attachment":[{"href":"https:\/\/laverdadpublica.com\/index.php\/wp-json\/wp\/v2\/media?parent=4491"}],"wp:term":[{"taxonomy":"category","embeddable":true,"href":"https:\/\/laverdadpublica.com\/index.php\/wp-json\/wp\/v2\/categories?post=4491"},{"taxonomy":"post_tag","embeddable":true,"href":"https:\/\/laverdadpublica.com\/index.php\/wp-json\/wp\/v2\/tags?post=4491"}],"curies":[{"name":"wp","href":"https:\/\/api.w.org\/{rel}","templated":true}]}}