{"id":44960,"date":"2025-07-23T16:40:39","date_gmt":"2025-07-23T16:40:39","guid":{"rendered":"https:\/\/laverdadpublica.com\/?p=44960"},"modified":"2025-07-23T16:40:39","modified_gmt":"2025-07-23T16:40:39","slug":"merlis-camilo-busca-culpable-en-su-nuevo-sencillo","status":"publish","type":"post","link":"https:\/\/laverdadpublica.com\/index.php\/2025\/07\/23\/merlis-camilo-busca-culpable-en-su-nuevo-sencillo\/","title":{"rendered":"Merlis Camilo busca \u201cCulpable\u201d en su nuevo sencillo"},"content":{"rendered":"<p style=\"text-align: justify;\">SANTO DOMINGO.\u2013 La cantante y compositora Merlis Camilo presenta un avance de lo que ser\u00e1 su nuevo EP con el lanzamiento de su nueva canci\u00f3n, \u201cCulpable\u201d, de su autor\u00eda junto a Guillermo Ure\u00f1a.<\/p>\n<p style=\"text-align: justify;\">Esta canci\u00f3n, que marca una nueva etapa en su carrera y que evidencia un crecimiento en su propuesta art\u00edstica, trata de ese momento en que una persona sabe que tiene que hacer cambios en su vida, pero anda buscando un culpable en el exterior, aunque muchas veces tiene que buscar adentro de s\u00ed mismo.<\/p>\n<blockquote><p>\u201cEs una de mis favoritas del EP. Trata sobre una persona que est\u00e1 buscando un responsable sobre sus emociones y sobre su comportamiento o forma de actuar. Alguien que quiz\u00e1s est\u00e1 cansado de su rutina, la falta de cambio en su vida, o sus emociones mas profundas. Una persona que cree que es otra persona la que lo obstaculiza y lo detiene, cuando realmente el \u00fanico que tiene el poder de cambio y movimiento lo tiene el\/ella misma, mientras hace un clamor pidiendo una gu\u00eda para salir de ah\u00ed\u201d, detall\u00f3 la cantante.<\/p><\/blockquote>\n<p style=\"text-align: justify;\">\u201cCulpable\u201d cuenta con la producci\u00f3n de Adriano Sang y con un videoclip dirigido por dirigido por Reflex Studio, bajo la producci\u00f3n de Alma Music Group. Adem\u00e1s, estar\u00e1 participando en el Summer Food Fest el 1 de agosto.<\/p>\n<p><iframe title=\"Merlis Camilo - Culpable (Visualizer)\" width=\"640\" height=\"360\" data-src=\"https:\/\/www.youtube.com\/embed\/ARluW9wLfkY?feature=oembed\" frameborder=\"0\" allow=\"accelerometer; autoplay; clipboard-write; encrypted-media; gyroscope; picture-in-picture; web-share\" referrerpolicy=\"strict-origin-when-cross-origin\" allowfullscreen src=\"data:image\/svg+xml;base64,PHN2ZyB3aWR0aD0iMSIgaGVpZ2h0PSIxIiB4bWxucz0iaHR0cDovL3d3dy53My5vcmcvMjAwMC9zdmciPjwvc3ZnPg==\" class=\"lazyload\" data-load-mode=\"0\"><\/iframe><\/p>\n<p>&nbsp;<\/p>\n<p>Fuente: RR.PP. Merlis Camilo<\/p>\n","protected":false},"excerpt":{"rendered":"<p>SANTO DOMINGO.\u2013 La cantante y compositora Merlis Camilo presenta un avance de lo que ser\u00e1<\/p>\n","protected":false},"author":4,"featured_media":44961,"comment_status":"open","ping_status":"open","sticky":false,"template":"","format":"standard","meta":{"footnotes":""},"categories":[249],"tags":[],"class_list":["post-44960","post","type-post","status-publish","format-standard","has-post-thumbnail","hentry","category-farandula"],"_links":{"self":[{"href":"https:\/\/laverdadpublica.com\/index.php\/wp-json\/wp\/v2\/posts\/44960","targetHints":{"allow":["GET"]}}],"collection":[{"href":"https:\/\/laverdadpublica.com\/index.php\/wp-json\/wp\/v2\/posts"}],"about":[{"href":"https:\/\/laverdadpublica.com\/index.php\/wp-json\/wp\/v2\/types\/post"}],"author":[{"embeddable":true,"href":"https:\/\/laverdadpublica.com\/index.php\/wp-json\/wp\/v2\/users\/4"}],"replies":[{"embeddable":true,"href":"https:\/\/laverdadpublica.com\/index.php\/wp-json\/wp\/v2\/comments?post=44960"}],"version-history":[{"count":1,"href":"https:\/\/laverdadpublica.com\/index.php\/wp-json\/wp\/v2\/posts\/44960\/revisions"}],"predecessor-version":[{"id":44962,"href":"https:\/\/laverdadpublica.com\/index.php\/wp-json\/wp\/v2\/posts\/44960\/revisions\/44962"}],"wp:featuredmedia":[{"embeddable":true,"href":"https:\/\/laverdadpublica.com\/index.php\/wp-json\/wp\/v2\/media\/44961"}],"wp:attachment":[{"href":"https:\/\/laverdadpublica.com\/index.php\/wp-json\/wp\/v2\/media?parent=44960"}],"wp:term":[{"taxonomy":"category","embeddable":true,"href":"https:\/\/laverdadpublica.com\/index.php\/wp-json\/wp\/v2\/categories?post=44960"},{"taxonomy":"post_tag","embeddable":true,"href":"https:\/\/laverdadpublica.com\/index.php\/wp-json\/wp\/v2\/tags?post=44960"}],"curies":[{"name":"wp","href":"https:\/\/api.w.org\/{rel}","templated":true}]}}