{"id":45975,"date":"2025-08-07T21:04:50","date_gmt":"2025-08-07T21:04:50","guid":{"rendered":"https:\/\/laverdadpublica.com\/?p=45975"},"modified":"2025-08-07T21:04:50","modified_gmt":"2025-08-07T21:04:50","slug":"desde-la-capital-se-fortalece-el-respaldo-al-maestro-luis-perez-candidato-no-1-del-cdp","status":"publish","type":"post","link":"https:\/\/laverdadpublica.com\/index.php\/2025\/08\/07\/desde-la-capital-se-fortalece-el-respaldo-al-maestro-luis-perez-candidato-no-1-del-cdp\/","title":{"rendered":"Desde la capital, se fortalece el respaldo al maestro Luis P\u00e9rez, candidato No. 1 del CDP"},"content":{"rendered":"<p style=\"text-align: justify;\"><strong>Santo Domingo \u2013<\/strong> La reconocida periodista, analista pol\u00edtica y productora de radio y televisi\u00f3n, <strong>Anibelca Rosario,<\/strong> expres\u00f3 su firme respaldo a la candidatura presidencial del maestro <strong>Luis P\u00e9rez,<\/strong> quien encabeza la plancha n\u00famero uno del <strong>Movimiento Marcelino Vega (MMV)<\/strong> para las elecciones del <strong>Colegio Dominicano de Periodistas (CDP) 2025\u20132027<\/strong><\/p>\n<p style=\"text-align: justify;\">Anibelca Rosario, con una destacada trayectoria en medios tradicionales y digitales, y con formaci\u00f3n en comunicaci\u00f3n corporativa y relaciones internacionales, valor\u00f3 la propuesta de Luis P\u00e9rez como una apuesta firme por la unidad, la renovaci\u00f3n institucional y el fortalecimiento del gremio period\u00edstico.<\/p>\n<p style=\"text-align: justify;\">Luis P\u00e9rez lidera la <strong>primera plancha oficialmente inscrita,<\/strong> acompa\u00f1ado por un equipo de profesionales con s\u00f3lida trayectoria gremial y compromiso con el desarrollo del CDP:<\/p>\n<p>\u25aa\ufe0e Gabriel Cruz, candidato a la presidencia del Instituto de Previsi\u00f3n y Protecci\u00f3n del Periodista (IPPP)<\/p>\n<p style=\"text-align: justify;\">\u25aa\ufe0e Yudelki Guerrero, aspirante a la presidencia del Tribunal Disciplinario<\/p>\n<p style=\"text-align: justify;\">\u25aa\ufe0e Wilder P\u00e1ez, para la Secretar\u00eda General del CDP por el Distrito Nacional.<\/p>\n<p style=\"text-align: justify;\">\u25aa\ufe0e Wilson Guerrero, como secretario general nacional del sindicato Nacional de Trabajadores de la Prensa (SNTP).<\/p>\n<p style=\"text-align: justify;\">Este respaldo desde la capital reafirma la proyecci\u00f3n nacional del proyecto encabezado por P\u00e9rez, que busca dignificar el ejercicio del periodismo y promover mejores condiciones para los profesionales del \u00e1rea.<\/p>\n<blockquote>\n<p style=\"text-align: center;\">\u00abGracias estimada colega Anibelca Rosario por este valioso gesto de apoyo. \u00a1Seguimos avanzando con firmeza!\u00bb- expres\u00f3 Luis P\u00e9rez en sus redes sociales.<\/p>\n<\/blockquote>\n<p>&nbsp;<\/p>\n<p>Fuente: MMV<\/p>\n","protected":false},"excerpt":{"rendered":"<p>Santo Domingo \u2013 La reconocida periodista, analista pol\u00edtica y productora de radio y televisi\u00f3n, Anibelca<\/p>\n","protected":false},"author":1,"featured_media":45976,"comment_status":"open","ping_status":"open","sticky":false,"template":"","format":"standard","meta":{"footnotes":""},"categories":[7],"tags":[],"class_list":["post-45975","post","type-post","status-publish","format-standard","has-post-thumbnail","hentry","category-nacionales"],"_links":{"self":[{"href":"https:\/\/laverdadpublica.com\/index.php\/wp-json\/wp\/v2\/posts\/45975","targetHints":{"allow":["GET"]}}],"collection":[{"href":"https:\/\/laverdadpublica.com\/index.php\/wp-json\/wp\/v2\/posts"}],"about":[{"href":"https:\/\/laverdadpublica.com\/index.php\/wp-json\/wp\/v2\/types\/post"}],"author":[{"embeddable":true,"href":"https:\/\/laverdadpublica.com\/index.php\/wp-json\/wp\/v2\/users\/1"}],"replies":[{"embeddable":true,"href":"https:\/\/laverdadpublica.com\/index.php\/wp-json\/wp\/v2\/comments?post=45975"}],"version-history":[{"count":1,"href":"https:\/\/laverdadpublica.com\/index.php\/wp-json\/wp\/v2\/posts\/45975\/revisions"}],"predecessor-version":[{"id":45977,"href":"https:\/\/laverdadpublica.com\/index.php\/wp-json\/wp\/v2\/posts\/45975\/revisions\/45977"}],"wp:featuredmedia":[{"embeddable":true,"href":"https:\/\/laverdadpublica.com\/index.php\/wp-json\/wp\/v2\/media\/45976"}],"wp:attachment":[{"href":"https:\/\/laverdadpublica.com\/index.php\/wp-json\/wp\/v2\/media?parent=45975"}],"wp:term":[{"taxonomy":"category","embeddable":true,"href":"https:\/\/laverdadpublica.com\/index.php\/wp-json\/wp\/v2\/categories?post=45975"},{"taxonomy":"post_tag","embeddable":true,"href":"https:\/\/laverdadpublica.com\/index.php\/wp-json\/wp\/v2\/tags?post=45975"}],"curies":[{"name":"wp","href":"https:\/\/api.w.org\/{rel}","templated":true}]}}