{"id":46096,"date":"2025-08-08T22:52:36","date_gmt":"2025-08-08T22:52:36","guid":{"rendered":"https:\/\/laverdadpublica.com\/?p=46096"},"modified":"2025-08-09T02:59:18","modified_gmt":"2025-08-09T02:59:18","slug":"46096","status":"publish","type":"post","link":"https:\/\/laverdadpublica.com\/index.php\/2025\/08\/08\/46096\/","title":{"rendered":"F\u00e9lix Rubio ser\u00e1 candidato a la Secretar\u00eda General del Distrito Nacional del SNTP"},"content":{"rendered":"<p style=\"text-align: justify;\"><strong>Santo Domingo,<\/strong> R.D. \u2014 El periodista Feliz Rubio fue proclamado oficialmente este jueves como candidato a la Secretar\u00eda General del Distrito Nacional del Sindicato Nacional de Trabajadores de la Prensa (SNTP), en un acto encabezado por la Comisi\u00f3n Electoral de la organizaci\u00f3n.<\/p>\n<p style=\"text-align: justify;\">En el mismo evento, tambi\u00e9n fue proclamado a nivel nacional el comunicador Wilson Guerrero como candidato a la presidencia del gremio.<\/p>\n<p style=\"text-align: justify;\">Rubio, al agradecer el respaldo recibido, anunci\u00f3 el inicio de una corta pero intensa campa\u00f1a, afirmando que desde su futura gesti\u00f3n asumir\u00e1 \u201cel compromiso de seguir luchando por los mejores intereses de todos los comunicadores de la capital\u201d.<\/p>\n<p style=\"text-align: justify;\">La proclamaci\u00f3n marca el arranque formal del proceso electoral interno del SNTP, que busca Santo Domingo, R.D. \u2014 El periodista Manuel F\u00e9lix Rubio fue proclamado oficialmente este jueves como candidato a la Secretar\u00eda General del Distrito Nacional del Sindicato Nacional de Trabajadores de la Prensa (SNTP), en un acto encabezado por la Comisi\u00f3n Electoral de la organizaci\u00f3n.<\/p>\n<p style=\"text-align: justify;\">En el mismo evento, tambi\u00e9n fue proclamado a nivel nacional el comunicador Wilson Guerrero como candidato a la presidencia del gremio.<\/p>\n<p style=\"text-align: justify;\">Rubio, al agradecer el respaldo recibido, anunci\u00f3 el inicio de una corta pero intensa campa\u00f1a, afirmando que desde su futura gesti\u00f3n asumir\u00e1 \u201cel compromiso de seguir luchando por los mejores intereses de todos los comunicadores de la capital\u201d.<\/p>\n<p style=\"text-align: justify;\">La proclamaci\u00f3n marca el arranque formal del proceso electoral interno del SNTP, que busca fortalecer la representaci\u00f3n y defensa de los derechos de los profesionales de la prensa en el pa\u00eds.<\/p>\n<p>Fuente: Redacci\u00f3n<\/p>\n","protected":false},"excerpt":{"rendered":"<p>Santo Domingo, R.D. \u2014 El periodista Feliz Rubio fue proclamado oficialmente este jueves como candidato<\/p>\n","protected":false},"author":1,"featured_media":46099,"comment_status":"open","ping_status":"open","sticky":false,"template":"","format":"standard","meta":{"footnotes":""},"categories":[7],"tags":[],"class_list":["post-46096","post","type-post","status-publish","format-standard","has-post-thumbnail","hentry","category-nacionales"],"_links":{"self":[{"href":"https:\/\/laverdadpublica.com\/index.php\/wp-json\/wp\/v2\/posts\/46096","targetHints":{"allow":["GET"]}}],"collection":[{"href":"https:\/\/laverdadpublica.com\/index.php\/wp-json\/wp\/v2\/posts"}],"about":[{"href":"https:\/\/laverdadpublica.com\/index.php\/wp-json\/wp\/v2\/types\/post"}],"author":[{"embeddable":true,"href":"https:\/\/laverdadpublica.com\/index.php\/wp-json\/wp\/v2\/users\/1"}],"replies":[{"embeddable":true,"href":"https:\/\/laverdadpublica.com\/index.php\/wp-json\/wp\/v2\/comments?post=46096"}],"version-history":[{"count":2,"href":"https:\/\/laverdadpublica.com\/index.php\/wp-json\/wp\/v2\/posts\/46096\/revisions"}],"predecessor-version":[{"id":46098,"href":"https:\/\/laverdadpublica.com\/index.php\/wp-json\/wp\/v2\/posts\/46096\/revisions\/46098"}],"wp:featuredmedia":[{"embeddable":true,"href":"https:\/\/laverdadpublica.com\/index.php\/wp-json\/wp\/v2\/media\/46099"}],"wp:attachment":[{"href":"https:\/\/laverdadpublica.com\/index.php\/wp-json\/wp\/v2\/media?parent=46096"}],"wp:term":[{"taxonomy":"category","embeddable":true,"href":"https:\/\/laverdadpublica.com\/index.php\/wp-json\/wp\/v2\/categories?post=46096"},{"taxonomy":"post_tag","embeddable":true,"href":"https:\/\/laverdadpublica.com\/index.php\/wp-json\/wp\/v2\/tags?post=46096"}],"curies":[{"name":"wp","href":"https:\/\/api.w.org\/{rel}","templated":true}]}}