{"id":46352,"date":"2025-08-12T23:28:58","date_gmt":"2025-08-12T23:28:58","guid":{"rendered":"https:\/\/laverdadpublica.com\/?p=46352"},"modified":"2025-08-12T23:28:58","modified_gmt":"2025-08-12T23:28:58","slug":"jonathan-klembert-el-secreto-detras-de-la-espectacularidad-candidatas-miss-republica-dominicana-universo-2025","status":"publish","type":"post","link":"https:\/\/laverdadpublica.com\/index.php\/2025\/08\/12\/jonathan-klembert-el-secreto-detras-de-la-espectacularidad-candidatas-miss-republica-dominicana-universo-2025\/","title":{"rendered":"Jonathan Klembert, el secreto detr\u00e1s de la espectacularidad candidatas Miss Rep\u00fablica Dominicana Universo 2025"},"content":{"rendered":"<p style=\"text-align: justify;\">Santo Domingo, R.D. El impecable trabajo como core\u00f3grafo, del destacado y polifac\u00e9tico artista Jonathan Jim\u00e9nez, cuyo nombre art\u00edstico es Jonathan Klembert, result\u00f3 pieza important\u00edsima, para lograr la espectacularidad que proyectaron las candidatas del reci\u00e9n certamen Miss Rep\u00fablica Dominicana Universo 2025.<\/p>\n<blockquote>\n<p style=\"text-align: center;\">\u201cEn un concurso de belleza, cada detalle cuenta. Desde el vestuario hasta la iluminaci\u00f3n; todo forma parte de un gran espect\u00e1culo y el trabajo del core\u00f3grafo es el hilo invisible que une cada elemento, para que las candidatas brillen en el escenario\u201d, explic\u00f3 Klembert, quien por tercer a\u00f1o consecutivo tuvo dicha responsabilidad sobre sus hombros.<\/p>\n<\/blockquote>\n<p style=\"text-align: justify;\">Klembert, quien tambi\u00e9n fue el coordinador de las chicas en el backstage, explic\u00f3 que su labor no se limit\u00f3 a ense\u00f1ar pasos o coordinar desplazamientos.<\/p>\n<blockquote>\n<p style=\"text-align: center;\">\u201cEs un trabajo integral donde la t\u00e9cnica, la est\u00e9tica y la confianza se entrelazan. Cada candidata es \u00fanica y mi misi\u00f3n era potenciar esa individualidad, ayud\u00e1ndolas a proyectar seguridad, elegancia y carisma en cada mirada, cada pausa y cada paso\u201d, destac\u00f3.<\/p>\n<\/blockquote>\n<p style=\"text-align: justify;\">En ese mismo tenor, el tambi\u00e9n premiado dise\u00f1ador de trajes de fantas\u00eda, explic\u00f3 que la coreograf\u00eda es construir \u201cmomentos memorables que transmitan una historia y capturen la atenci\u00f3n del p\u00fablico y del jurado. Es ense\u00f1ar a manejar imprevistos con gracia, a convertir los nervios en energ\u00eda y a sostener una presencia magn\u00e9tica de principio a fin\u201d, detall\u00f3.<\/p>\n<p style=\"text-align: justify;\">De igual manera, el bailar\u00edn y maestro de danza, confes\u00f3 que en Miss Rep\u00fablica Dominicana Universo tuvo el privilegio de trabajar con mujeres disciplinadas, valientes y apasionadas, las cuales entendieron que la pasarela no solo era una competencia, sino un escenario para inspirar.<\/p>\n<blockquote>\n<p style=\"text-align: center;\">\u201cMi compromiso fue guiarlas no solo como core\u00f3grafo, sino como mentor y aliado, asegurando que cada una descubriera su mejor versi\u00f3n, con las pautas que me indic\u00f3 la directora Magaly Febles, porque al final, el verdadero \u00e9xito no est\u00e1 solo en la corona, sino en el crecimiento personal y en la huella que dejamos en quienes nos ven. Y en eso, la coreograf\u00eda tiene un papel fundamental: transformar el talento y la belleza en un espect\u00e1culo inolvidable\u201d, indic\u00f3.<\/p>\n<\/blockquote>\n<p>&nbsp;<\/p>\n<p style=\"text-align: justify;\"><strong>Agradecimientos por una experiencia enriquecedora<\/strong><\/p>\n<p style=\"text-align: justify;\">Para Klembert, este a\u00f1o Miss Universo Rep\u00fablica Dominicana le regal\u00f3 una de las experiencias m\u00e1s enriquecedoras de su carrera.<\/p>\n<blockquote>\n<p style=\"text-align: center;\">\u201cHaber sido ser el core\u00f3grafo de las candidatas y aportar mi visi\u00f3n art\u00edstica a un evento de esta magnitud ha sido un honor que llevar\u00e9 siempre conmigo\u201d, afirm\u00f3.<\/p>\n<\/blockquote>\n<p style=\"text-align: justify;\">Asimismo, Klembert expres\u00f3 su m\u00e1s profundo agradecimiento a Magaly Febles, por una vez m\u00e1s confiar en su persona y permitirle aportar en el certamen de belleza m\u00e1s importante del pa\u00eds.<\/p>\n<blockquote>\n<p style=\"text-align: center;\">\u201cSu visi\u00f3n, su experiencia y su fe en mi trabajo fueron claves para que este sue\u00f1o se viviera con la excelencia que merece\u201d, a\u00f1adi\u00f3.<\/p>\n<\/blockquote>\n<p style=\"text-align: justify;\">En ese mismo tenor, agradeci\u00f3 al equipo que le acompa\u00f1\u00f3 en cada ensayo, cada ajuste y cada reto.<\/p>\n<blockquote>\n<p style=\"text-align: center;\">\u201cDetr\u00e1s de cada desfile perfecto hay horas de disciplina, entrega y trabajo en equipo, y ver ese esfuerzo reflejado en el escenario es una satisfacci\u00f3n que no tiene precio\u201d, confes\u00f3.<\/p>\n<\/blockquote>\n<p style=\"text-align: justify;\">De igual manera, agradeci\u00f3 y reconoci\u00f3 el trabajo del core\u00f3grafo Guillermo Mieses, quien le acompa\u00f1\u00f3 en dicha traves\u00eda art\u00edstica, coreografiando a los bailarines con entrega, pasi\u00f3n y compromiso.<\/p>\n<blockquote>\n<p style=\"text-align: center;\">\u201cTrabajar a su lado ha sido un verdadero privilegio, y juntos hemos logrado crear momentos que quedar\u00e1n grabados en la memoria del p\u00fablico\u201d, afirm\u00f3.<\/p>\n<\/blockquote>\n<p style=\"text-align: justify;\">Por \u00faltimo, el tambi\u00e9n talentoso maquillador profesional y artista drag, agradeci\u00f3 a Ren\u00e9 Brea, productor del Miss Rep\u00fablica Dominicana Universo, por confiar en su persona para la coordinaci\u00f3n, en el backstage, de este gran evento.<\/p>\n<blockquote>\n<p style=\"text-align: center;\">\u201cSu profesionalismo, visi\u00f3n y liderazgo hicieron posible que cada detalle brillara en el escenario, y le agradezco haber tenido la oportunidad de aportar mi experiencia y pasi\u00f3n<\/p>\n<\/blockquote>\n<p>&nbsp;<\/p>\n<p>Fuente: T. DOTEL<\/p>\n","protected":false},"excerpt":{"rendered":"<p>Santo Domingo, R.D. El impecable trabajo como core\u00f3grafo, del destacado y polifac\u00e9tico artista Jonathan Jim\u00e9nez,<\/p>\n","protected":false},"author":4,"featured_media":46353,"comment_status":"open","ping_status":"open","sticky":false,"template":"","format":"standard","meta":{"footnotes":""},"categories":[252],"tags":[],"class_list":["post-46352","post","type-post","status-publish","format-standard","has-post-thumbnail","hentry","category-belleza"],"_links":{"self":[{"href":"https:\/\/laverdadpublica.com\/index.php\/wp-json\/wp\/v2\/posts\/46352","targetHints":{"allow":["GET"]}}],"collection":[{"href":"https:\/\/laverdadpublica.com\/index.php\/wp-json\/wp\/v2\/posts"}],"about":[{"href":"https:\/\/laverdadpublica.com\/index.php\/wp-json\/wp\/v2\/types\/post"}],"author":[{"embeddable":true,"href":"https:\/\/laverdadpublica.com\/index.php\/wp-json\/wp\/v2\/users\/4"}],"replies":[{"embeddable":true,"href":"https:\/\/laverdadpublica.com\/index.php\/wp-json\/wp\/v2\/comments?post=46352"}],"version-history":[{"count":1,"href":"https:\/\/laverdadpublica.com\/index.php\/wp-json\/wp\/v2\/posts\/46352\/revisions"}],"predecessor-version":[{"id":46354,"href":"https:\/\/laverdadpublica.com\/index.php\/wp-json\/wp\/v2\/posts\/46352\/revisions\/46354"}],"wp:featuredmedia":[{"embeddable":true,"href":"https:\/\/laverdadpublica.com\/index.php\/wp-json\/wp\/v2\/media\/46353"}],"wp:attachment":[{"href":"https:\/\/laverdadpublica.com\/index.php\/wp-json\/wp\/v2\/media?parent=46352"}],"wp:term":[{"taxonomy":"category","embeddable":true,"href":"https:\/\/laverdadpublica.com\/index.php\/wp-json\/wp\/v2\/categories?post=46352"},{"taxonomy":"post_tag","embeddable":true,"href":"https:\/\/laverdadpublica.com\/index.php\/wp-json\/wp\/v2\/tags?post=46352"}],"curies":[{"name":"wp","href":"https:\/\/api.w.org\/{rel}","templated":true}]}}