{"id":46725,"date":"2025-08-15T22:52:51","date_gmt":"2025-08-15T22:52:51","guid":{"rendered":"https:\/\/laverdadpublica.com\/?p=46725"},"modified":"2025-08-17T22:54:17","modified_gmt":"2025-08-17T22:54:17","slug":"psicologo-juan-rojas-le-responde-a-la-ex-ministra-janet-camilo-la-verdadera-belleza-se-basa-en-amarse-respetarse-y-aceptarse","status":"publish","type":"post","link":"https:\/\/laverdadpublica.com\/index.php\/2025\/08\/15\/psicologo-juan-rojas-le-responde-a-la-ex-ministra-janet-camilo-la-verdadera-belleza-se-basa-en-amarse-respetarse-y-aceptarse\/","title":{"rendered":"Psic\u00f3logo Juan Rojas le responde a la ex ministra Janet Camilo \u201cLa verdadera belleza se basa en amarse, respetarse y aceptarse\u201d"},"content":{"rendered":"<p style=\"text-align: justify;\">SANTO DOMINGO. _, Ante el gran debate surgido a ra\u00edz de las declaraciones de la exministra de la Mujer, Janet Camilo, en torno a la reciente edici\u00f3n del certamen Miss Rep\u00fablica Dominicana Universo, al considerar que la selecci\u00f3n de las candidatas no representa la diversidad y belleza del pa\u00eds, el psic\u00f3logo dominicano Juan Rojas, conferencista y coaching radicado en Espa\u00f1a, consider\u00f3 que un comentario que reduzca el valor de una persona a una simple evaluaci\u00f3n est\u00e9tica no solo es injusto, sino que adem\u00e1s puede afectar la autoestima y la salud emocional.<\/p>\n<blockquote>\n<p style=\"text-align: center;\">\u201cLa forma en que nos expresamos tiene un impacto directo en c\u00f3mo las personas se perciben a s\u00ed mismas y en la imagen que proyectamos como sociedad\u201d, explic\u00f3.<\/p>\n<\/blockquote>\n<p style=\"text-align: justify;\">Record\u00f3 que en general, la verdadera belleza se basa en amarse, respetarse, valorarse y aceptarse, no en ajustarse a un patr\u00f3n f\u00edsico subjetivo o impuesto por terceros. \u201cComo psic\u00f3logo general sanitario colegiado, considero que cada ser humano posee cualidades, caracter\u00edsticas y virtudes \u00fanicas que van mucho m\u00e1s all\u00e1 de cualquier est\u00e1ndar est\u00e9tico impuesto\u201d.<\/p>\n<p style=\"text-align: justify;\">Seg\u00fan su experiencia profesional, cuando una persona, especialmente con visibilidad p\u00fablica, emite juicios despectivos sobre la apariencia f\u00edsica de otros, es importante analizar lo que hay detr\u00e1s de ese mensaje. \u201cDesde la psicolog\u00eda, este tipo de comentarios puede reflejar frustraciones personales, inseguridades o la necesidad de llamar la atenci\u00f3n mediante la descalificaci\u00f3n ajena, esto es preocupante, ya que perpet\u00faa estereotipos y fomenta la discriminaci\u00f3n\u201d.<\/p>\n<p style=\"text-align: justify;\">Manifest\u00f3 que, en cualquier proceso de selecci\u00f3n, ya sea en cert\u00e1menes, audiciones, evaluaciones o actividades p\u00fablicas, el criterio deber\u00eda promover la inclusi\u00f3n, la diversidad y el reconocimiento de la belleza en todas sus expresiones.<\/p>\n<blockquote>\n<p style=\"text-align: center;\">\u201cEsto implica respetar y valorar las diferencias de rasgos, tonalidades de piel, contexturas y estilos\u201d, resalt\u00f3 el experto en salud mental.<\/p>\n<\/blockquote>\n<p>M\u00e1s sobre Juan Rojas<\/p>\n<p style=\"text-align: justify;\">Es certificado como coach en Espa\u00f1a, por medio de su p\u00e1gina web www.psicologojuanrojas.com brinda una experiencia \u00fanica para quienes desean mejorar su autoimagen, afirm\u00f3 que el liderazgo saludable se basa en inspirar y fortalecer la autoestima colectiva, no en debilitarla. Por eso, es fundamental fomentar espacios donde la belleza se entienda como la combinaci\u00f3n de autenticidad, inteligencia, respeto y capacidad de inspirar, m\u00e1s all\u00e1 de lo meramente f\u00edsico.<\/p>\n<p style=\"text-align: justify;\">La formaci\u00f3n profesional de juan Rojas se basa en tres licenciaturas realizadas en la Universidad UTE: Psicolog\u00eda Menci\u00f3n Cl\u00ednica, Psicolog\u00eda Organizacional y en Derecho. Una especialidad en Gerencia de Servicio de Salud y Seguridad Social, en la Universidad UTE; Maestr\u00eda en Psicolog\u00eda Cl\u00ednica y Diplomado Habilitaci\u00f3n Docente, en la UASD, y una especialidad en Atenci\u00f3n Sociosanitaria en C.P. Reino de Espa\u00f1a. Adem\u00e1s, tiene varias formaciones complementarias entre ellas est\u00e1n \u201cHabilitaci\u00f3n para la docencia en grados A,B y C del sistema de formaci\u00f3n profesional\u201d; \u201cDesarrollo del potencial humano en la empresa: inteligencia emocional 1; Memoria y estimulaci\u00f3n cognitiva\u201d; \u201cDeterioro mental en la vejez: Alzheimer, demencias y otras patolog\u00edas, y Cuidados paliativos\u201d, entre otras.<\/p>\n<p>Fuente: Equipo Juan Rojas<\/p>\n","protected":false},"excerpt":{"rendered":"<p>SANTO DOMINGO. _, Ante el gran debate surgido a ra\u00edz de las declaraciones de la<\/p>\n","protected":false},"author":1,"featured_media":46726,"comment_status":"open","ping_status":"open","sticky":false,"template":"","format":"standard","meta":{"footnotes":""},"categories":[7],"tags":[],"class_list":["post-46725","post","type-post","status-publish","format-standard","has-post-thumbnail","hentry","category-nacionales"],"_links":{"self":[{"href":"https:\/\/laverdadpublica.com\/index.php\/wp-json\/wp\/v2\/posts\/46725","targetHints":{"allow":["GET"]}}],"collection":[{"href":"https:\/\/laverdadpublica.com\/index.php\/wp-json\/wp\/v2\/posts"}],"about":[{"href":"https:\/\/laverdadpublica.com\/index.php\/wp-json\/wp\/v2\/types\/post"}],"author":[{"embeddable":true,"href":"https:\/\/laverdadpublica.com\/index.php\/wp-json\/wp\/v2\/users\/1"}],"replies":[{"embeddable":true,"href":"https:\/\/laverdadpublica.com\/index.php\/wp-json\/wp\/v2\/comments?post=46725"}],"version-history":[{"count":1,"href":"https:\/\/laverdadpublica.com\/index.php\/wp-json\/wp\/v2\/posts\/46725\/revisions"}],"predecessor-version":[{"id":46727,"href":"https:\/\/laverdadpublica.com\/index.php\/wp-json\/wp\/v2\/posts\/46725\/revisions\/46727"}],"wp:featuredmedia":[{"embeddable":true,"href":"https:\/\/laverdadpublica.com\/index.php\/wp-json\/wp\/v2\/media\/46726"}],"wp:attachment":[{"href":"https:\/\/laverdadpublica.com\/index.php\/wp-json\/wp\/v2\/media?parent=46725"}],"wp:term":[{"taxonomy":"category","embeddable":true,"href":"https:\/\/laverdadpublica.com\/index.php\/wp-json\/wp\/v2\/categories?post=46725"},{"taxonomy":"post_tag","embeddable":true,"href":"https:\/\/laverdadpublica.com\/index.php\/wp-json\/wp\/v2\/tags?post=46725"}],"curies":[{"name":"wp","href":"https:\/\/api.w.org\/{rel}","templated":true}]}}