{"id":46760,"date":"2025-08-18T20:00:01","date_gmt":"2025-08-18T20:00:01","guid":{"rendered":"https:\/\/laverdadpublica.com\/?p=46760"},"modified":"2025-08-19T01:01:46","modified_gmt":"2025-08-19T01:01:46","slug":"la-fundacion-frutos-de-esperanza-realizara-la-jornadamochila-solidaria-2025","status":"publish","type":"post","link":"https:\/\/laverdadpublica.com\/index.php\/2025\/08\/18\/la-fundacion-frutos-de-esperanza-realizara-la-jornadamochila-solidaria-2025\/","title":{"rendered":"La Fundaci\u00f3n Frutos de Esperanza realizar\u00e1 la jornada\u201cMochila Solidaria 2025\u201d"},"content":{"rendered":"<p style=\"text-align: center;\">Est\u00e1 fundaci\u00f3n junto al Programa Mujer integral se unen en apoyo a la comunidad de Boca Chica<\/p>\n<p style=\"text-align: justify;\">Santo Domingo RD- La Fundaci\u00f3n Frutos de Esperanza (FUNFE) en alianza con el Programa Mujer Integral invitan a la gran jornada \u201cMochila Solidaria 2025\u201d, a celebrarse este s\u00e1bado 23 de agosto en la comunidad de Boca Chica.<\/p>\n<p style=\"text-align: justify;\">Durante la actividad se estar\u00e1n entregando m\u00e1s de 100 mochilas escolares con \u00fatiles a ni\u00f1os y ni\u00f1as de la zona.<\/p>\n<p style=\"text-align: justify;\">A su vez, tendr\u00e1n una tarde de juegos, din\u00e1micas, diversi\u00f3n y un set de belleza infantil donde se lavar\u00e1 y peinar\u00e1n el cabello de las ni\u00f1as.<\/p>\n<p style=\"text-align: justify;\">El evento cuenta con el apoyo de importantes marcas y aliados que se han unido a esta noble causa,reafirmando que juntos es posible sembrar esperanza en la ni\u00f1ez dominicana.<\/p>\n<blockquote>\n<p style=\"text-align: center;\">\u201cEsta jornada es un regalo de amor y solidaridad. Invitamos a todos a ser parte de este movimiento que siembra futuro en cada ni\u00f1o y ni\u00f1a\u201d, expres\u00f3 la Lic. Mari Hern\u00e1ndez, directora de FUNFE y del Programa Mujer Integral.<\/p>\n<\/blockquote>\n<p style=\"text-align: justify;\">Para m\u00e1s informaci\u00f3n contactar para prensa y medios: Fundaci\u00f3n Frutos de Esperanza (FUNFE) Programa Mujer IntegralCorreo: fundacionfunfe2@gmail.com Tel\u00e9fono: 809-401-8790 Instagram: @fundacionfunfe |@promujerintegral<\/p>\n<p>Fuente: FUNFE<\/p>\n","protected":false},"excerpt":{"rendered":"<p>Est\u00e1 fundaci\u00f3n junto al Programa Mujer integral se unen en apoyo a la comunidad de<\/p>\n","protected":false},"author":2,"featured_media":46761,"comment_status":"open","ping_status":"open","sticky":false,"template":"","format":"standard","meta":{"footnotes":""},"categories":[7],"tags":[],"class_list":["post-46760","post","type-post","status-publish","format-standard","has-post-thumbnail","hentry","category-nacionales"],"_links":{"self":[{"href":"https:\/\/laverdadpublica.com\/index.php\/wp-json\/wp\/v2\/posts\/46760","targetHints":{"allow":["GET"]}}],"collection":[{"href":"https:\/\/laverdadpublica.com\/index.php\/wp-json\/wp\/v2\/posts"}],"about":[{"href":"https:\/\/laverdadpublica.com\/index.php\/wp-json\/wp\/v2\/types\/post"}],"author":[{"embeddable":true,"href":"https:\/\/laverdadpublica.com\/index.php\/wp-json\/wp\/v2\/users\/2"}],"replies":[{"embeddable":true,"href":"https:\/\/laverdadpublica.com\/index.php\/wp-json\/wp\/v2\/comments?post=46760"}],"version-history":[{"count":1,"href":"https:\/\/laverdadpublica.com\/index.php\/wp-json\/wp\/v2\/posts\/46760\/revisions"}],"predecessor-version":[{"id":46762,"href":"https:\/\/laverdadpublica.com\/index.php\/wp-json\/wp\/v2\/posts\/46760\/revisions\/46762"}],"wp:featuredmedia":[{"embeddable":true,"href":"https:\/\/laverdadpublica.com\/index.php\/wp-json\/wp\/v2\/media\/46761"}],"wp:attachment":[{"href":"https:\/\/laverdadpublica.com\/index.php\/wp-json\/wp\/v2\/media?parent=46760"}],"wp:term":[{"taxonomy":"category","embeddable":true,"href":"https:\/\/laverdadpublica.com\/index.php\/wp-json\/wp\/v2\/categories?post=46760"},{"taxonomy":"post_tag","embeddable":true,"href":"https:\/\/laverdadpublica.com\/index.php\/wp-json\/wp\/v2\/tags?post=46760"}],"curies":[{"name":"wp","href":"https:\/\/api.w.org\/{rel}","templated":true}]}}