{"id":46934,"date":"2025-08-21T18:19:18","date_gmt":"2025-08-21T18:19:18","guid":{"rendered":"https:\/\/laverdadpublica.com\/?p=46934"},"modified":"2025-08-22T02:21:54","modified_gmt":"2025-08-22T02:21:54","slug":"eugenio-mieses-denuncia-despilfarro-en-montajes-artisticos-financiados-por-el-estado","status":"publish","type":"post","link":"https:\/\/laverdadpublica.com\/index.php\/2025\/08\/21\/eugenio-mieses-denuncia-despilfarro-en-montajes-artisticos-financiados-por-el-estado\/","title":{"rendered":"Eugenio Mieses denuncia despilfarro en montajes art\u00edsticos financiados por el Estado"},"content":{"rendered":"<p style=\"text-align: justify;\">Santo Domingo, R.D.\u2013 El reconocido locutor y promotor del merengue, Eugenio Mieses, conductor de los programas M\u00e1s Merengue y Cl\u00e1sicos del Domingo, advirti\u00f3 sobre la falta de estrategias de promoci\u00f3n en los eventos art\u00edsticos gratuitos patrocinados con fondos p\u00fablicos.<\/p>\n<p style=\"text-align: justify;\">Mieses explic\u00f3 que existe una gran diferencia entre los espect\u00e1culos privados y los p\u00fablicos. En los primeros \u2014realizados en discotecas, estadios o salones\u2014 los organizadores arriesgan una inversi\u00f3n propia, lo que los obliga a desarrollar campa\u00f1as de publicidad en radio, televisi\u00f3n, vallas y redes sociales para garantizar asistencia masiva.<\/p>\n<p style=\"text-align: justify;\">En contraste, los eventos gratuitos financiados por el Estado \u201cya han sido pagados antes de realizarse\u201d, lo que ha generado una pr\u00e1ctica de montajes millonarios sin inversi\u00f3n en promoci\u00f3n, con el resultado de escenarios vac\u00edos y una pobre asistencia.<\/p>\n<blockquote>\n<p style=\"text-align: center;\">\u201cDe repente nos tropezamos con enormes tarimas, equipos de sonido, ba\u00f1os m\u00f3viles y una cartelera de artistas de primera, pero sin ninguna difusi\u00f3n. Lo m\u00e1s que se hace es publicar en una cuenta personal de redes sociales\u201d, se\u00f1al\u00f3 el comunicador.<\/p>\n<\/blockquote>\n<p style=\"text-align: justify;\">El locutor afirm\u00f3 que esta falta de promoci\u00f3n, lejos de fortalecer la m\u00fasica nacional, ha servido como excusa para culpar a los artistas dominicanos de no atraer p\u00fablico.<\/p>\n<blockquote>\n<p style=\"text-align: center;\">\u201cSe busca el menor gasto en promoci\u00f3n y en contrataci\u00f3n de artistas, no para ahorrar, sino para obtener mayor beneficio\u201d, puntualiz\u00f3.<\/p>\n<\/blockquote>\n<p>&nbsp;<\/p>\n<p style=\"text-align: justify;\">De cara a la temporada navide\u00f1a, Mieses hizo un llamado a las instituciones p\u00fablicas a incluir en sus presupuestos la promoci\u00f3n formal de sus actividades art\u00edsticas, resaltando que estos espacios representan una oportunidad id\u00f3nea para impulsar la dominicanidad y fortalecer el merengue como marca pa\u00eds.<\/p>\n<p>Fuente: Programas M\u00e1s Merengue<\/p>\n","protected":false},"excerpt":{"rendered":"<p>Santo Domingo, R.D.\u2013 El reconocido locutor y promotor del merengue, Eugenio Mieses, conductor de los<\/p>\n","protected":false},"author":1,"featured_media":46935,"comment_status":"open","ping_status":"open","sticky":false,"template":"","format":"standard","meta":{"footnotes":""},"categories":[249],"tags":[],"class_list":["post-46934","post","type-post","status-publish","format-standard","has-post-thumbnail","hentry","category-farandula"],"_links":{"self":[{"href":"https:\/\/laverdadpublica.com\/index.php\/wp-json\/wp\/v2\/posts\/46934","targetHints":{"allow":["GET"]}}],"collection":[{"href":"https:\/\/laverdadpublica.com\/index.php\/wp-json\/wp\/v2\/posts"}],"about":[{"href":"https:\/\/laverdadpublica.com\/index.php\/wp-json\/wp\/v2\/types\/post"}],"author":[{"embeddable":true,"href":"https:\/\/laverdadpublica.com\/index.php\/wp-json\/wp\/v2\/users\/1"}],"replies":[{"embeddable":true,"href":"https:\/\/laverdadpublica.com\/index.php\/wp-json\/wp\/v2\/comments?post=46934"}],"version-history":[{"count":1,"href":"https:\/\/laverdadpublica.com\/index.php\/wp-json\/wp\/v2\/posts\/46934\/revisions"}],"predecessor-version":[{"id":46936,"href":"https:\/\/laverdadpublica.com\/index.php\/wp-json\/wp\/v2\/posts\/46934\/revisions\/46936"}],"wp:featuredmedia":[{"embeddable":true,"href":"https:\/\/laverdadpublica.com\/index.php\/wp-json\/wp\/v2\/media\/46935"}],"wp:attachment":[{"href":"https:\/\/laverdadpublica.com\/index.php\/wp-json\/wp\/v2\/media?parent=46934"}],"wp:term":[{"taxonomy":"category","embeddable":true,"href":"https:\/\/laverdadpublica.com\/index.php\/wp-json\/wp\/v2\/categories?post=46934"},{"taxonomy":"post_tag","embeddable":true,"href":"https:\/\/laverdadpublica.com\/index.php\/wp-json\/wp\/v2\/tags?post=46934"}],"curies":[{"name":"wp","href":"https:\/\/api.w.org\/{rel}","templated":true}]}}