{"id":46943,"date":"2025-08-21T19:28:59","date_gmt":"2025-08-21T19:28:59","guid":{"rendered":"https:\/\/laverdadpublica.com\/?p=46943"},"modified":"2025-08-22T02:30:38","modified_gmt":"2025-08-22T02:30:38","slug":"edeeste-refuerza-contacto-directo-con-comunidades-para-atender-averias-y-explicar-situacion-actual","status":"publish","type":"post","link":"https:\/\/laverdadpublica.com\/index.php\/2025\/08\/21\/edeeste-refuerza-contacto-directo-con-comunidades-para-atender-averias-y-explicar-situacion-actual\/","title":{"rendered":"EDEESTE refuerza contacto directo con comunidades para atender aver\u00edas y explicar situaci\u00f3n actual"},"content":{"rendered":"<p style=\"text-align: justify;\">Santo Domingo Este. \u2013 La Empresa Distribuidora de Electricidad del Este (Edeeste) inform\u00f3 sobre el despliegue de su personal de Gesti\u00f3n Social y t\u00e9cnicos en distintos puntos de su zona de concesi\u00f3n, con el prop\u00f3sito de mantener un contacto directo con las comunidades, escuchar sus inquietudes y ofrecer explicaciones claras sobre las causas de las interrupciones en el servicio el\u00e9ctrico<\/p>\n<p style=\"text-align: justify;\">Entre las localidades visitadas recientemente se encuentran Monte Plata, San Isidro, Santo Domingo Norte, San Pedro de Macor\u00eds y sectores del Distrito Nacional, donde se han sostenido encuentros comunitarios para dar respuesta a la poblaci\u00f3n.<\/p>\n<p style=\"text-align: justify;\">Durante estos encuentros, la empresa explic\u00f3 que las aver\u00edas e interrupciones que se han registrado en los \u00faltimos d\u00edas obedecen en parte al d\u00e9ficit de generaci\u00f3n a nivel nacional, debido a la baja disponibilidad de algunas plantas generadoras afectadas por el sargazo, adem\u00e1s al alto consumo nocturno provocado por las altas temperaturas que se sienten en el pa\u00eds sumado a las numerosas conexiones ilegales en las redes de distribuci\u00f3n, que incrementan la sobrecarga, provocando fallas en el sistema de distribuci\u00f3n.<\/p>\n<p style=\"text-align: justify;\">Edeeste destac\u00f3 que gracias a la inversi\u00f3n realizada el pasado a\u00f1o en la repotenciaci\u00f3n de transformadores de potencia, muchos sectores hoy no presentan interrupciones por sobrecargas, lo que refleja el impacto positivo de esas mejoras en la estabilidad del servicio. Sin embargo, la empresa reconoci\u00f3 que a\u00fan existen zonas que enfrentan esta situaci\u00f3n y asegur\u00f3 que los trabajos de repotenciaci\u00f3n pendientes y rehabilitaci\u00f3n de las redes ya est\u00e1n planificados para ejecutarse en la etapa siguiente de los proyectos de fortalecimiento de la red.<\/p>\n<p style=\"text-align: justify;\">Asimismo, la distribuidora resalt\u00f3 la importancia de que los clientes realicen de manera oportuna los reportes de aver\u00edas, ya que en muchos casos estas se prolongan porque la compa\u00f1\u00eda desconoce la situaci\u00f3n puntual. El reporte constituye la alerta que activa la movilizaci\u00f3n de los t\u00e9cnicos, y cuando la comunidad no reporta, el tiempo de atenci\u00f3n se extiende, generando mayor incomodidad y estr\u00e9s en la poblaci\u00f3n.<\/p>\n<p style=\"text-align: justify;\">La empresa reiter\u00f3 su compromiso con la transparencia y la cercan\u00eda con la gente, asegurando que entiende la preocupaci\u00f3n de los usuarios y que est\u00e1 trabajando intensamente para mitigar los efectos de esta situaci\u00f3n. Asimismo, estim\u00f3 que en los pr\u00f3ximos d\u00edas la disponibilidad de energ\u00eda se estabilizar\u00e1, lo que permitir\u00e1 reducir las interrupciones.<\/p>\n<p style=\"text-align: justify;\">Edeeste tambi\u00e9n hizo un llamado a la poblaci\u00f3n a hacer un uso racional de la energ\u00eda, recordando que cada acci\u00f3n cuenta. El uso eficiente de los equipos el\u00e9ctricos, el cuidado con el consumo en horarios de alta demanda y la eliminaci\u00f3n de conexiones ilegales contribuyen a reducir la sobrecarga en las redes y a mejorar la calidad del servicio para todos. La empresa destac\u00f3 que el ahorro energ\u00e9tico no solo ayuda a preservar la estabilidad del sistema, sino que tambi\u00e9n representa un alivio en la factura de cada hogar.<\/p>\n<p style=\"text-align: justify;\">Finalmente, Edeeste llam\u00f3 a la calma y record\u00f3 que cada reporte cuenta, porque es la forma m\u00e1s directa y r\u00e1pida de llevar soluciones a la comunidad.<\/p>\n<p>Fuente: Prensa EDEESTE<\/p>\n","protected":false},"excerpt":{"rendered":"<p>Santo Domingo Este. \u2013 La Empresa Distribuidora de Electricidad del Este (Edeeste) inform\u00f3 sobre el<\/p>\n","protected":false},"author":1,"featured_media":46944,"comment_status":"open","ping_status":"open","sticky":false,"template":"","format":"standard","meta":{"footnotes":""},"categories":[7],"tags":[],"class_list":["post-46943","post","type-post","status-publish","format-standard","has-post-thumbnail","hentry","category-nacionales"],"_links":{"self":[{"href":"https:\/\/laverdadpublica.com\/index.php\/wp-json\/wp\/v2\/posts\/46943","targetHints":{"allow":["GET"]}}],"collection":[{"href":"https:\/\/laverdadpublica.com\/index.php\/wp-json\/wp\/v2\/posts"}],"about":[{"href":"https:\/\/laverdadpublica.com\/index.php\/wp-json\/wp\/v2\/types\/post"}],"author":[{"embeddable":true,"href":"https:\/\/laverdadpublica.com\/index.php\/wp-json\/wp\/v2\/users\/1"}],"replies":[{"embeddable":true,"href":"https:\/\/laverdadpublica.com\/index.php\/wp-json\/wp\/v2\/comments?post=46943"}],"version-history":[{"count":1,"href":"https:\/\/laverdadpublica.com\/index.php\/wp-json\/wp\/v2\/posts\/46943\/revisions"}],"predecessor-version":[{"id":46945,"href":"https:\/\/laverdadpublica.com\/index.php\/wp-json\/wp\/v2\/posts\/46943\/revisions\/46945"}],"wp:featuredmedia":[{"embeddable":true,"href":"https:\/\/laverdadpublica.com\/index.php\/wp-json\/wp\/v2\/media\/46944"}],"wp:attachment":[{"href":"https:\/\/laverdadpublica.com\/index.php\/wp-json\/wp\/v2\/media?parent=46943"}],"wp:term":[{"taxonomy":"category","embeddable":true,"href":"https:\/\/laverdadpublica.com\/index.php\/wp-json\/wp\/v2\/categories?post=46943"},{"taxonomy":"post_tag","embeddable":true,"href":"https:\/\/laverdadpublica.com\/index.php\/wp-json\/wp\/v2\/tags?post=46943"}],"curies":[{"name":"wp","href":"https:\/\/api.w.org\/{rel}","templated":true}]}}