{"id":47076,"date":"2025-08-21T20:59:14","date_gmt":"2025-08-21T20:59:14","guid":{"rendered":"https:\/\/laverdadpublica.com\/?p=47076"},"modified":"2025-08-24T21:07:46","modified_gmt":"2025-08-24T21:07:46","slug":"gala-media-group-celebra-dialogo-democracia-y-desarrollo-donde-resalta-el-papel-de-la-juventud-en-la-renovacion-politica","status":"publish","type":"post","link":"https:\/\/laverdadpublica.com\/index.php\/2025\/08\/21\/gala-media-group-celebra-dialogo-democracia-y-desarrollo-donde-resalta-el-papel-de-la-juventud-en-la-renovacion-politica\/","title":{"rendered":"GALA Media Group celebra di\u00e1logo \u201cDemocracia y Desarrollo\u00bb donde resalta el papel de la juventud en la renovaci\u00f3n pol\u00edtica"},"content":{"rendered":"<blockquote>\n<p style=\"text-align: center;\">El encuentro reuni\u00f3 a l\u00edderes nacionales e internacionales que coincidieron en la necesidad de abrir espacios a las nuevas generaciones para fortalecer la democracia y garantizar un desarrollo sostenible.<\/p>\n<\/blockquote>\n<p style=\"text-align: justify;\"><strong>Santo Domingo, agosto de 2025.<\/strong> GALA Media Group celebr\u00f3 la cuarta edici\u00f3n del di\u00e1logo \u201cDemocracia y Desarrollo\u201d, con el panel \u201cJuventud y Participaci\u00f3n Pol\u00edtica\u201d, un espacio que reuni\u00f3 a representantes nacionales e internacionales para reflexionar sobre el papel de las nuevas generaciones en la vida democr\u00e1tica y el desarrollo sostenible.<\/p>\n<p style=\"text-align: justify;\">El panel estuvo integrado por Omar Fern\u00e1ndez, senador del Distrito Nacional; Gabriela Avenda\u00f1o, asesora digital del presidente de Ecuador, Daniel Noboa; Gloria Reyes, miembro de la Direcci\u00f3n Ejecutiva del Partido Revolucionario Moderno (PRM); Luc\u00eda Jaramillo, presidenta de la Comisi\u00f3n de Relaciones Internacionales de la Asamblea Nacional de Ecuador; y Juan Ariel Jim\u00e9nez, miembro del Comit\u00e9 Pol\u00edtico del Partido de la Liberaci\u00f3n Dominicana (PLD).<\/p>\n<p style=\"text-align: justify;\">La directora ejecutiva de la Fundaci\u00f3n Tropig\u00e1s, Indira Lorenzo, en representaci\u00f3n del Grupo Mart\u00ed, ofreci\u00f3 las palabras de bienvenida.<\/p>\n<blockquote>\n<p style=\"text-align: center;\">\u201cCreemos firmemente que las empresas deben abrir sus puertas para fomentar la conversaci\u00f3n y la construcci\u00f3n colectiva. Como sector privado, entendemos que no hay desarrollo sostenible sin democracia fuerte, ni democracia s\u00f3lida sin la participaci\u00f3n activa de la juventud\u201d, expres\u00f3.<\/p>\n<\/blockquote>\n<p style=\"text-align: justify;\">La conducci\u00f3n estuvo a cargo de la maestra de ceremonia Miralba Ruiz y de la moderadora Diulka P\u00e9rez, quienes presentaron a los panelistas e introdujeron los temas de debate.<\/p>\n<p style=\"text-align: justify;\">Durante el desarrollo de la conversaci\u00f3n se abordaron la participaci\u00f3n de la juventud en los procesos pol\u00edticos, el fortalecimiento institucional, los retos de la democracia, el desarrollo sostenible y la influencia de la comunicaci\u00f3n digital en la transparencia y la participaci\u00f3n ciudadana.<\/p>\n<p style=\"text-align: justify;\">Omar Fern\u00e1ndez destac\u00f3 la importancia de innovar en la forma en que los congresos comunican su labor para conectar con la ciudadan\u00eda.<\/p>\n<blockquote>\n<p style=\"text-align: center;\">\u201cExiste una profunda desafecci\u00f3n hacia la pol\u00edtica y, en particular, hacia los congresos, porque muchas veces lo que all\u00ed se discute parece abstracto y lejano. Sin embargo, las leyes impactan de manera directa la vida de la gente, y por eso debemos hacer un esfuerzo especial en comunicar lo que se hace dentro del hemiciclo y en las comisiones, que son espacios menos visibles\u201d, afirm\u00f3.<\/p>\n<\/blockquote>\n<p style=\"text-align: justify;\">Luc\u00eda Jaramillo subray\u00f3 que el gobierno actual de Ecuador marc\u00f3 un cambio en la pol\u00edtica de su pa\u00eds al conectar con el voto juvenil.<\/p>\n<blockquote>\n<p style=\"text-align: center;\">\u201cRompi\u00f3 el molde tradicional y habl\u00f3 en un lenguaje cercano, distinto al de los pol\u00edticos de siempre. Eso gener\u00f3 identificaci\u00f3n en un electorado cansado de ver las mismas caras y los mismos problemas\u201d, se\u00f1al\u00f3. Tambi\u00e9n resalt\u00f3 los riesgos de dedicarse a la pol\u00edtica en su pa\u00eds. \u201cVivimos en un contexto marcado por el narcotr\u00e1fico y el crimen organizado, pero aun as\u00ed seguimos adelante. Cada d\u00eda es un desaf\u00edo, sobre todo para las mujeres, que tenemos que demostrar el doble para ocupar espacios de poder\u201d, afirm\u00f3.<\/p>\n<\/blockquote>\n<p style=\"text-align: justify;\">Juan Ariel Jim\u00e9nez resalt\u00f3 el compromiso de los j\u00f3venes dominicanos con la vida p\u00fablica.<\/p>\n<blockquote>\n<p style=\"text-align: center;\">\u201cVivimos en una sociedad donde hay menos participaci\u00f3n en espacios colectivos como sindicatos, clubes o iglesias, y eso tambi\u00e9n se refleja en la pol\u00edtica. Sin embargo, ver a tantos j\u00f3venes dominicanos involucrados es una raz\u00f3n para mirar el futuro con optimismo\u201d, expres\u00f3.<\/p>\n<\/blockquote>\n<p style=\"text-align: justify;\">Al referirse a los retos de convivencia generacional, agreg\u00f3:<\/p>\n<blockquote>\n<p style=\"text-align: center;\">\u201cLas estructuras partidarias no siempre se renuevan con la rapidez que demanda la sociedad. Eso genera fricciones, porque mientras muchos j\u00f3venes buscan una pol\u00edtica m\u00e1s genuina y cercana, otros mantienen un estilo confrontacional. El desaf\u00edo est\u00e1 en aprender de los mayores, pero tambi\u00e9n en innovar en la forma de comunicar y conectar con la ciudadan\u00eda\u201d.<\/p>\n<\/blockquote>\n<p style=\"text-align: justify;\">Gloria Reyes hizo un llamado a la renovaci\u00f3n de los partidos pol\u00edticos y a replantear la manera en que se acercan a la juventud.<\/p>\n<blockquote>\n<p style=\"text-align: center;\">\u201cLos j\u00f3venes no van a llegar solos a los partidos; son los partidos los que deben cambiar su forma de atraerlos. Antes se buscaba a los muchachos en los liceos, hoy la pol\u00edtica tiene que hablarles en el lenguaje de las plataformas digitales y abrir espacios reales de participaci\u00f3n\u201d, afirm\u00f3.<\/p>\n<\/blockquote>\n<p style=\"text-align: justify;\">Gabriela Avenda\u00f1o, asesora digital del presidente ecuatoriano, destac\u00f3 la necesidad de propuestas concretas para los j\u00f3venes.<\/p>\n<blockquote>\n<p style=\"text-align: center;\">\u201cLa juventud no es solo el futuro, es el presente. Lo que necesitan son oportunidades reales: becas, empleos bien remunerados y acceso a los espacios de decisi\u00f3n. Ah\u00ed est\u00e1 la verdadera causa que conecta con los j\u00f3venes\u201d, expres\u00f3.<\/p>\n<\/blockquote>\n<p style=\"text-align: justify;\">El encuentro concluy\u00f3 con un llamado a continuar fortaleciendo la democracia a trav\u00e9s del compromiso activo de la juventud, la apertura al di\u00e1logo y la construcci\u00f3n de consensos que impulsen el desarrollo pol\u00edtico, econ\u00f3mico y social de la regi\u00f3n.<\/p>\n<p><strong>Sobre Di\u00e1logo: Democracia y Desarrollo<\/strong><\/p>\n<p style=\"text-align: justify;\">El ciclo Di\u00e1logo: Democracia y Desarrollo es una iniciativa de GALA Media Group que promueve el intercambio de ideas entre distintos actores gubernamentales, empresariales y sociales con diferentes puntos de vista, pero con un mismo objetivo: construir un mejor pa\u00eds. Esta propuesta busca ir m\u00e1s all\u00e1 de lo urgente para pensar en los retos y oportunidades que aseguren una mejor calidad de vida y un desarrollo sostenible.<\/p>\n<p>Fuente: Gala Media Group<\/p>\n","protected":false},"excerpt":{"rendered":"<p>El encuentro reuni\u00f3 a l\u00edderes nacionales e internacionales que coincidieron en la necesidad de abrir<\/p>\n","protected":false},"author":4,"featured_media":47077,"comment_status":"open","ping_status":"open","sticky":false,"template":"","format":"standard","meta":{"footnotes":""},"categories":[7],"tags":[],"class_list":["post-47076","post","type-post","status-publish","format-standard","has-post-thumbnail","hentry","category-nacionales"],"_links":{"self":[{"href":"https:\/\/laverdadpublica.com\/index.php\/wp-json\/wp\/v2\/posts\/47076","targetHints":{"allow":["GET"]}}],"collection":[{"href":"https:\/\/laverdadpublica.com\/index.php\/wp-json\/wp\/v2\/posts"}],"about":[{"href":"https:\/\/laverdadpublica.com\/index.php\/wp-json\/wp\/v2\/types\/post"}],"author":[{"embeddable":true,"href":"https:\/\/laverdadpublica.com\/index.php\/wp-json\/wp\/v2\/users\/4"}],"replies":[{"embeddable":true,"href":"https:\/\/laverdadpublica.com\/index.php\/wp-json\/wp\/v2\/comments?post=47076"}],"version-history":[{"count":1,"href":"https:\/\/laverdadpublica.com\/index.php\/wp-json\/wp\/v2\/posts\/47076\/revisions"}],"predecessor-version":[{"id":47078,"href":"https:\/\/laverdadpublica.com\/index.php\/wp-json\/wp\/v2\/posts\/47076\/revisions\/47078"}],"wp:featuredmedia":[{"embeddable":true,"href":"https:\/\/laverdadpublica.com\/index.php\/wp-json\/wp\/v2\/media\/47077"}],"wp:attachment":[{"href":"https:\/\/laverdadpublica.com\/index.php\/wp-json\/wp\/v2\/media?parent=47076"}],"wp:term":[{"taxonomy":"category","embeddable":true,"href":"https:\/\/laverdadpublica.com\/index.php\/wp-json\/wp\/v2\/categories?post=47076"},{"taxonomy":"post_tag","embeddable":true,"href":"https:\/\/laverdadpublica.com\/index.php\/wp-json\/wp\/v2\/tags?post=47076"}],"curies":[{"name":"wp","href":"https:\/\/api.w.org\/{rel}","templated":true}]}}