{"id":47235,"date":"2025-08-26T13:40:23","date_gmt":"2025-08-26T13:40:23","guid":{"rendered":"https:\/\/laverdadpublica.com\/?p=47235"},"modified":"2025-08-26T19:41:38","modified_gmt":"2025-08-26T19:41:38","slug":"ministro-de-defensa-de-rd-y-subsecretario-de-defensa-de-ee-uu-recorren-frontera-dominico-haitiana-de-manzanillo-a-dajabon","status":"publish","type":"post","link":"https:\/\/laverdadpublica.com\/index.php\/2025\/08\/26\/ministro-de-defensa-de-rd-y-subsecretario-de-defensa-de-ee-uu-recorren-frontera-dominico-haitiana-de-manzanillo-a-dajabon\/","title":{"rendered":"Ministro de Defensa de RD y Subsecretario de Defensa de EE.UU. recorren frontera dom\u00ednico-haitiana de Manzanillo a Dajab\u00f3n"},"content":{"rendered":"<p>Por Felix Rubio<\/p>\n<p style=\"text-align: justify;\">DAJAB\u00d3N.\u2013 En el marco de la cooperaci\u00f3n bilateral en materia de seguridad y defensa, el ministro de Defensa de la Rep\u00fablica Dominicana, teniente general Carlos A. Fern\u00e1ndez Onofre, ERD, y el Subsecretario de Defensa de los Estados Unidos para Asuntos del Hemisferio Occidental, Joseph M. Humire, realizaron un recorrido estrat\u00e9gico por las principales dotaciones militares en la frontera dom\u00ednico-haitiana, desde Manzanillo hasta Dajab\u00f3n.<\/p>\n<p style=\"text-align: justify;\">Durante la visita, de alta relevancia estrat\u00e9gica, el Subsecretario de Defensa recibi\u00f3 informaciones detalladas del ministro de Defensa, del comandante general del Ej\u00e9rcito, mayor general Jorge Iv\u00e1n Camino P\u00e9rez, ERD, y del director del CESFRONT, general de brigada Jose Rodr\u00edguez Coste, ERD., sobre las operaciones que las Fuerzas Armadas y los organismos del Estado tienen dispuestas en la zona para enfrentar amenazas como el narcotr\u00e1fico, el tr\u00e1fico il\u00edcito de personas y mercanc\u00edas, as\u00ed como otros retos de seguridad transnacional.<\/p>\n<p style=\"text-align: justify;\">El recorrido permiti\u00f3 al alto funcionario estadounidense obtener una visi\u00f3n m\u00e1s clara y directa de la complejidad de la frontera y de la din\u00e1mica interagencial en que participan el Ej\u00e9rcito, el CESFRONT y dem\u00e1s dependencias de las Fuerzas Armadas, en coordinaci\u00f3n con otros organismos competentes.<\/p>\n<p style=\"text-align: justify;\">La presencia del Subsecretario de Defensa en la frontera refuerza el compromiso compartido de ambos gobiernos de continuar trabajando como socios estrat\u00e9gicos para garantizar la seguridad fronteriza, la estabilidad regional y el desarrollo econ\u00f3mico y social de la isla.<\/p>\n<p>Fuente: Prensa MIDE<\/p>\n","protected":false},"excerpt":{"rendered":"<p>Por Felix Rubio DAJAB\u00d3N.\u2013 En el marco de la cooperaci\u00f3n bilateral en materia de seguridad<\/p>\n","protected":false},"author":1,"featured_media":47236,"comment_status":"open","ping_status":"open","sticky":false,"template":"","format":"standard","meta":{"footnotes":""},"categories":[7],"tags":[],"class_list":["post-47235","post","type-post","status-publish","format-standard","has-post-thumbnail","hentry","category-nacionales"],"_links":{"self":[{"href":"https:\/\/laverdadpublica.com\/index.php\/wp-json\/wp\/v2\/posts\/47235","targetHints":{"allow":["GET"]}}],"collection":[{"href":"https:\/\/laverdadpublica.com\/index.php\/wp-json\/wp\/v2\/posts"}],"about":[{"href":"https:\/\/laverdadpublica.com\/index.php\/wp-json\/wp\/v2\/types\/post"}],"author":[{"embeddable":true,"href":"https:\/\/laverdadpublica.com\/index.php\/wp-json\/wp\/v2\/users\/1"}],"replies":[{"embeddable":true,"href":"https:\/\/laverdadpublica.com\/index.php\/wp-json\/wp\/v2\/comments?post=47235"}],"version-history":[{"count":1,"href":"https:\/\/laverdadpublica.com\/index.php\/wp-json\/wp\/v2\/posts\/47235\/revisions"}],"predecessor-version":[{"id":47237,"href":"https:\/\/laverdadpublica.com\/index.php\/wp-json\/wp\/v2\/posts\/47235\/revisions\/47237"}],"wp:featuredmedia":[{"embeddable":true,"href":"https:\/\/laverdadpublica.com\/index.php\/wp-json\/wp\/v2\/media\/47236"}],"wp:attachment":[{"href":"https:\/\/laverdadpublica.com\/index.php\/wp-json\/wp\/v2\/media?parent=47235"}],"wp:term":[{"taxonomy":"category","embeddable":true,"href":"https:\/\/laverdadpublica.com\/index.php\/wp-json\/wp\/v2\/categories?post=47235"},{"taxonomy":"post_tag","embeddable":true,"href":"https:\/\/laverdadpublica.com\/index.php\/wp-json\/wp\/v2\/tags?post=47235"}],"curies":[{"name":"wp","href":"https:\/\/api.w.org\/{rel}","templated":true}]}}