{"id":47422,"date":"2025-08-28T20:26:01","date_gmt":"2025-08-28T20:26:01","guid":{"rendered":"https:\/\/laverdadpublica.com\/?p=47422"},"modified":"2025-08-29T00:32:16","modified_gmt":"2025-08-29T00:32:16","slug":"jose-ventura-entrevista-al-merenguero-peter-cruz-en-nueva-york","status":"publish","type":"post","link":"https:\/\/laverdadpublica.com\/index.php\/2025\/08\/28\/jose-ventura-entrevista-al-merenguero-peter-cruz-en-nueva-york\/","title":{"rendered":"Jos\u00e9 Ventura entrevista al merenguero Peter Cruz en Nueva York"},"content":{"rendered":"<div class=\"draggable h-header-height top-0 z-10 flex items-center border-transparent px-2 md:hidden bg-token-bg-primary sticky [box-shadow:var(--sharp-edge-top-shadow)]\">\n<div class=\"no-draggable flex-1\"><\/div>\n<\/div>\n<p>&nbsp;<\/p>\n<div id=\"thread\" class=\"group\/thread @container\/thread h-full w-full\">\n<div class=\"composer-parent flex h-full flex-col focus-visible:outline-0 overflow-hidden\" role=\"presentation\">\n<div class=\"relative flex basis-auto flex-col -mb-(--composer-overlap-px) [--composer-overlap-px:28px] grow overflow-hidden\">\n<div class=\"relative h-full\">\n<div class=\"flex h-full flex-col overflow-y-auto [scrollbar-gutter:stable_both-edges] @[84rem]\/thread:pt-(--header-height)\">\n<div class=\"@thread-xl\/thread:pt-header-height flex flex-col text-sm keyboard-open:pb-[calc(var(--composer-height,100px)+var(--screen-keyboard-height,0))] pb-25\">\n<article class=\"text-token-text-primary w-full focus:outline-none scroll-mt-[calc(var(--header-height)+min(200px,max(70px,20svh)))]\" dir=\"auto\" tabindex=\"-1\" data-turn-id=\"520842d7-497a-453f-81f4-53e2044cdd6c\" data-testid=\"conversation-turn-4\" data-scroll-anchor=\"true\" data-turn=\"assistant\">\n<div class=\"text-base my-auto mx-auto pb-10 [--thread-content-margin:--spacing(4)] @[37rem]:[--thread-content-margin:--spacing(6)] @[72rem]:[--thread-content-margin:--spacing(16)] px-(--thread-content-margin)\">\n<div class=\"[--thread-content-max-width:32rem] @[34rem]:[--thread-content-max-width:40rem] @[64rem]:[--thread-content-max-width:48rem] mx-auto max-w-(--thread-content-max-width) flex-1 group\/turn-messages focus-visible:outline-hidden relative flex w-full min-w-0 flex-col agent-turn\" tabindex=\"-1\">\n<div class=\"flex max-w-full flex-col grow\">\n<div class=\"min-h-8 text-message relative flex w-full flex-col items-end gap-2 text-start break-words whitespace-normal [.text-message+&amp;]:mt-5\" dir=\"auto\" data-message-author-role=\"assistant\" data-message-id=\"8d1874a8-6a4a-46c4-9101-d41ec91beccd\" data-message-model-slug=\"gpt-5\">\n<div class=\"flex w-full flex-col gap-1 empty:hidden first:pt-[3px]\">\n<div class=\"markdown prose dark:prose-invert w-full break-words dark markdown-new-styling\">\n<blockquote>\n<p style=\"text-align: center;\" data-start=\"153\" data-end=\"285\">La conversaci\u00f3n exclusiva se realiz\u00f3 para el programa\u00a0<em data-start=\"224\" data-end=\"250\">Deportes con Humor y M\u00e1s<\/em> y ya est\u00e1 disponible en YouTube.<\/p>\n<\/blockquote>\n<p style=\"text-align: justify;\" data-start=\"287\" data-end=\"503\">Nueva York, EE. UU. \u2013 El comunicador Jos\u00e9 Ventura realiz\u00f3 una entrevista especial al reconocido merenguero Peter Cruz en la ciudad de Nueva York, para el espacio\u00a0<em data-start=\"474\" data-end=\"500\">Deportes con Humor y M\u00e1s<\/em>.<\/p>\n<p style=\"text-align: justify;\" data-start=\"505\" data-end=\"664\">Durante el encuentro, Peter Cruz comparti\u00f3 an\u00e9cdotas de su trayectoria art\u00edstica, as\u00ed como reflexiones sobre el g\u00e9nero del merengue y sus proyectos actuales.<\/p>\n<p style=\"text-align: justify;\" data-start=\"666\" data-end=\"848\">La entrevista completa puede disfrutarse en el canal de YouTube del programa a trav\u00e9s del siguiente enlace:\u00a0<a class=\"decorated-link\" href=\"https:\/\/youtu.be\/H2oKKz_PPcM?si=bXG16yQHkeroY7p7&amp;utm_source=chatgpt.com\" target=\"_new\" rel=\"noopener\" data-start=\"774\" data-end=\"845\">Ver entrevista aqu\u00ed<\/a><\/p>\n<p data-start=\"666\" data-end=\"848\">Fuente: Jose TV<\/p>\n<\/div>\n<\/div>\n<\/div>\n<\/div>\n<\/div>\n<\/div>\n<\/article>\n<\/div>\n<\/div>\n<\/div>\n<\/div>\n<\/div>\n<\/div>\n<p>&nbsp;<\/p>\n","protected":false},"excerpt":{"rendered":"<p>&nbsp; La conversaci\u00f3n exclusiva se realiz\u00f3 para el programa\u00a0Deportes con Humor y M\u00e1s y ya<\/p>\n","protected":false},"author":1,"featured_media":47425,"comment_status":"open","ping_status":"open","sticky":false,"template":"","format":"standard","meta":{"footnotes":""},"categories":[16],"tags":[],"class_list":["post-47422","post","type-post","status-publish","format-standard","has-post-thumbnail","hentry","category-internacionales"],"_links":{"self":[{"href":"https:\/\/laverdadpublica.com\/index.php\/wp-json\/wp\/v2\/posts\/47422","targetHints":{"allow":["GET"]}}],"collection":[{"href":"https:\/\/laverdadpublica.com\/index.php\/wp-json\/wp\/v2\/posts"}],"about":[{"href":"https:\/\/laverdadpublica.com\/index.php\/wp-json\/wp\/v2\/types\/post"}],"author":[{"embeddable":true,"href":"https:\/\/laverdadpublica.com\/index.php\/wp-json\/wp\/v2\/users\/1"}],"replies":[{"embeddable":true,"href":"https:\/\/laverdadpublica.com\/index.php\/wp-json\/wp\/v2\/comments?post=47422"}],"version-history":[{"count":2,"href":"https:\/\/laverdadpublica.com\/index.php\/wp-json\/wp\/v2\/posts\/47422\/revisions"}],"predecessor-version":[{"id":47426,"href":"https:\/\/laverdadpublica.com\/index.php\/wp-json\/wp\/v2\/posts\/47422\/revisions\/47426"}],"wp:featuredmedia":[{"embeddable":true,"href":"https:\/\/laverdadpublica.com\/index.php\/wp-json\/wp\/v2\/media\/47425"}],"wp:attachment":[{"href":"https:\/\/laverdadpublica.com\/index.php\/wp-json\/wp\/v2\/media?parent=47422"}],"wp:term":[{"taxonomy":"category","embeddable":true,"href":"https:\/\/laverdadpublica.com\/index.php\/wp-json\/wp\/v2\/categories?post=47422"},{"taxonomy":"post_tag","embeddable":true,"href":"https:\/\/laverdadpublica.com\/index.php\/wp-json\/wp\/v2\/tags?post=47422"}],"curies":[{"name":"wp","href":"https:\/\/api.w.org\/{rel}","templated":true}]}}