{"id":47458,"date":"2025-08-28T21:50:47","date_gmt":"2025-08-28T21:50:47","guid":{"rendered":"https:\/\/laverdadpublica.com\/?p=47458"},"modified":"2025-08-29T01:52:52","modified_gmt":"2025-08-29T01:52:52","slug":"residentes-de-los-corales-del-sur-protestaran-contra-instalacion-de-estacion-de-combustible","status":"publish","type":"post","link":"https:\/\/laverdadpublica.com\/index.php\/2025\/08\/28\/residentes-de-los-corales-del-sur-protestaran-contra-instalacion-de-estacion-de-combustible\/","title":{"rendered":"Residentes de Los Corales del Sur protestar\u00e1n contra instalaci\u00f3n de estaci\u00f3n de combustible"},"content":{"rendered":"<blockquote>\n<p style=\"text-align: center;\">La comunidad convoca a una manifestaci\u00f3n pac\u00edfica este lunes 1 de septiembre en rechazo a la \u201cBomba Nativa\u201d.<\/p>\n<\/blockquote>\n<p style=\"text-align: justify;\"><strong>Santo Domingo Este.<\/strong> \u2013 Los residentes del sector <em>Los Corales del Sur<\/em> anunciaron una manifestaci\u00f3n pac\u00edfica para este lunes 1 de septiembre a las 8:00 de la ma\u00f1ana en la entrada principal de la comunidad, con el prop\u00f3sito de expresar su rechazo a la instalaci\u00f3n de una estaci\u00f3n de combustible identificada como \u201cBomba Nativa\u201d.<\/p>\n<p style=\"text-align: justify;\">Los vecinos aseguran que la obra representa un peligro para la seguridad y la salud, al tiempo que podr\u00eda generar contaminaci\u00f3n ambiental y caos vehicular en la zona.<\/p>\n<blockquote>\n<p style=\"text-align: center;\">\u201cEstamos defendiendo nuestro derecho a vivir en un residencial seguro, sin riesgos innecesarios que afecten la tranquilidad de nuestras familias\u201d, expresaron dirigentes comunitarios al convocar la jornada.<\/p>\n<\/blockquote>\n<p style=\"text-align: justify;\">La actividad se realizar\u00e1 bajo el lema <strong><em>\u201cLos Corales del Sur dice NO a la Bomba Nativa\u201d,<\/em><\/strong> destacando la uni\u00f3n de los residentes en defensa de su entorno.<\/p>\n<ul>\n<li style=\"text-align: justify;\">Lugar: Entrada principal &#8211; Corales del Sur<\/li>\n<li style=\"text-align: justify;\">Fecha: Lunes 1 de septiembre<\/li>\n<li style=\"text-align: justify;\">Hora: 8:00 AM<\/li>\n<\/ul>\n<p>Fuente: Todo en su punto<\/p>\n","protected":false},"excerpt":{"rendered":"<p>La comunidad convoca a una manifestaci\u00f3n pac\u00edfica este lunes 1 de septiembre en rechazo a<\/p>\n","protected":false},"author":1,"featured_media":47459,"comment_status":"open","ping_status":"open","sticky":false,"template":"","format":"standard","meta":{"footnotes":""},"categories":[7],"tags":[],"class_list":["post-47458","post","type-post","status-publish","format-standard","has-post-thumbnail","hentry","category-nacionales"],"_links":{"self":[{"href":"https:\/\/laverdadpublica.com\/index.php\/wp-json\/wp\/v2\/posts\/47458","targetHints":{"allow":["GET"]}}],"collection":[{"href":"https:\/\/laverdadpublica.com\/index.php\/wp-json\/wp\/v2\/posts"}],"about":[{"href":"https:\/\/laverdadpublica.com\/index.php\/wp-json\/wp\/v2\/types\/post"}],"author":[{"embeddable":true,"href":"https:\/\/laverdadpublica.com\/index.php\/wp-json\/wp\/v2\/users\/1"}],"replies":[{"embeddable":true,"href":"https:\/\/laverdadpublica.com\/index.php\/wp-json\/wp\/v2\/comments?post=47458"}],"version-history":[{"count":1,"href":"https:\/\/laverdadpublica.com\/index.php\/wp-json\/wp\/v2\/posts\/47458\/revisions"}],"predecessor-version":[{"id":47460,"href":"https:\/\/laverdadpublica.com\/index.php\/wp-json\/wp\/v2\/posts\/47458\/revisions\/47460"}],"wp:featuredmedia":[{"embeddable":true,"href":"https:\/\/laverdadpublica.com\/index.php\/wp-json\/wp\/v2\/media\/47459"}],"wp:attachment":[{"href":"https:\/\/laverdadpublica.com\/index.php\/wp-json\/wp\/v2\/media?parent=47458"}],"wp:term":[{"taxonomy":"category","embeddable":true,"href":"https:\/\/laverdadpublica.com\/index.php\/wp-json\/wp\/v2\/categories?post=47458"},{"taxonomy":"post_tag","embeddable":true,"href":"https:\/\/laverdadpublica.com\/index.php\/wp-json\/wp\/v2\/tags?post=47458"}],"curies":[{"name":"wp","href":"https:\/\/api.w.org\/{rel}","templated":true}]}}