{"id":47522,"date":"2025-08-28T18:13:03","date_gmt":"2025-08-28T18:13:03","guid":{"rendered":"https:\/\/laverdadpublica.com\/?p=47522"},"modified":"2025-08-29T03:14:54","modified_gmt":"2025-08-29T03:14:54","slug":"banco-mundial-y-el-map-socializan-proyecto-de-fortalecimiento-y-mejora-de-los-servicios-publicos","status":"publish","type":"post","link":"https:\/\/laverdadpublica.com\/index.php\/2025\/08\/28\/banco-mundial-y-el-map-socializan-proyecto-de-fortalecimiento-y-mejora-de-los-servicios-publicos\/","title":{"rendered":"Banco Mundial y el MAP socializan proyecto de fortalecimiento y mejora de los servicios p\u00fablicos"},"content":{"rendered":"<blockquote>\n<p style=\"text-align: center;\">E ministro Sigmund Freund resalt\u00f3 que el proyecto representa \u00abun gran paso de avance\u00bb en el camino de lograr una administraci\u00f3n p\u00fablica eficiente y cercana, mediante un modelo de transformaci\u00f3n sostenible, escalable e inclusivo, que responda a los retos actuales y a los desaf\u00edos futuros<\/p>\n<\/blockquote>\n<p style=\"text-align: justify;\"><strong>Santo Domingo, RD<\/strong> \u2013 El Ministerio de Administraci\u00f3n P\u00fablica (MAP), con el apoyo t\u00e9cnico y financiero del Banco Mundial, realiz\u00f3 durante tres d\u00edas un Taller de Socializaci\u00f3n y Avances del Proyecto de Apoyo a la Implementaci\u00f3n del Plan de Reforma y Modernizaci\u00f3n del Estado, una iniciativa que busca fortalecer las capacidades del Estado para ofrecer servicios \u00e1giles, de calidad y centrados en el ciudadano.<\/p>\n<p style=\"text-align: justify;\">El acto de apertura estuvo presidido por el ministro de Administraci\u00f3n P\u00fablica, Sigmund Freund y la representante residente del Banco Mundial, Carolina Rend\u00f3n. Participaron la gerente de Pr\u00e1cticas Digitales para Latinoam\u00e9rica del organismo multilateral, Yolanda Mart\u00ednez; la jefa de proyecto, Francesca Recanatin y los viceministros del MAP, Alan Jim\u00e9nez, Armando Manzueta, Sheyla Castillo, Grey Pe\u00f1a, Elvis Mu\u00f1oz, y Hadeline Matos.<\/p>\n<p style=\"text-align: justify;\">En sus palabras, el ministro Freund se\u00f1al\u00f3 que este proyecto se propone articular las instituciones p\u00fablicas bajo el liderazgo del MAP y fortalecer las acciones que permitan concretizar una transformaci\u00f3n integral, efectiva y duradera en la forma de dise\u00f1ar y ofrecer los servicios que requiere la poblaci\u00f3n.<\/p>\n<blockquote>\n<p style=\"text-align: center;\">\u00abEste proyecto fortalecer\u00e1 al MAP como rector de la innovaci\u00f3n p\u00fablica, y permitir\u00e1 que los ministerios y \u00f3rganos sectoriales gestionen sus servicios con mayor capacidad, innovaci\u00f3n y apertura. Ya no se trata solo de digitalizar procesos, sino de repensarlos desde la experiencia y necesidad del usuario, usando herramientas innovadoras como los laboratorios de redise\u00f1o, la interoperabilidad entre instituciones y la participaci\u00f3n ciudadana como insumo t\u00e9cnico real\u201d, explic\u00f3 el ministro.<\/p>\n<\/blockquote>\n<p style=\"text-align: justify;\">Agreg\u00f3 que \u201cesta reforma no es un evento aislado. Es un cambio de cultura institucional y de visi\u00f3n de Estado. Es pasar de una administraci\u00f3n centrada en procedimientos a una centrada en derechos. De una l\u00f3gica reactiva a una proactiva. De un Estado que administra, a un Estado que sirve\u00bb.<\/p>\n<p style=\"text-align: justify;\">Freund destac\u00f3 que este proyecto ser\u00e1 usado por el Banco Mundial como un piloto que posicionar\u00e1 a la Rep\u00fablica Dominicana como un referente de transformaci\u00f3n de los servicios p\u00fablicos, por su enfoque integral, centrado en las personas, la interoperabilidad y la innovaci\u00f3n.<\/p>\n<p style=\"text-align: justify;\">Carolina Rend\u00f3n, representante residente del Banco Mundial, destac\u00f3 que es alentador ver que Rep\u00fablica Dominicana toma muy en serio la modernizaci\u00f3n y reforma de la administraci\u00f3n p\u00fablica.<\/p>\n<blockquote>\n<p style=\"text-align: center;\">\u201cEl plan de reforma y modernizaci\u00f3n del Estado es un ejemplo, y que nosotros podamos colaborar en la implementaci\u00f3n de esta reforma a trav\u00e9s de este proyecto nos enaltece mucho\u201d, apunt\u00f3 Rend\u00f3n.<\/p>\n<\/blockquote>\n<p style=\"text-align: justify;\">La gerente de Pr\u00e1cticas Digitales para Latinoam\u00e9rica del Banco Mundial, Yolanda Mart\u00ednez, se\u00f1al\u00f3 que la Rep\u00fablica Dominicana no \u00abest\u00e1 empezando desde cero\u00bb, ya que se encuentran trabajando en proyectos de conectividad, acceso e innovaciones digitales y destac\u00f3 que el pa\u00eds se encuentra en el lugar 85 de 193 pa\u00edses en el ranking realizado por la Organizaci\u00f3n de las Nacionales Unidas (ONU), que eval\u00faa el desarrollo y la eficacia de los servicios p\u00fablicos y gobiernos digitales.<\/p>\n<blockquote>\n<p style=\"text-align: center;\">\u00abEstoy plenamente convencida, por la madurez del ecosistema digital que hay en este pa\u00eds, que Rep\u00fablica Dominicana tiene todos los elementos para ingresar a los primeros 10 puestos de ese ranking, en los siguientes tres o cuatro a\u00f1os, por tres factores clave, primero el empoderamiento pol\u00edtico en su m\u00e1s alto nivel, desde su presidente (Luis Abinader) y su ministro (Sigmund Freund) y los titulares de la Junta Central Electoral (JCE), la Ogtic, etc; dos, tienen los arreglos institucionales necesarios para poder articular cualquier est\u00e1ndar de pilotaje, eso no es f\u00e1cil y ustedes lo tienen; tres, actividades y \u00e1reas de especializaci\u00f3n\u00bb, argument\u00f3 Mart\u00ednez.<\/p>\n<\/blockquote>\n<p style=\"text-align: justify;\">En el taller, que se realiz\u00f3 del 25 al 27 de agosto de este a\u00f1o, se realizaron m\u00faltiples presentaciones y din\u00e1micas colaborativas sobre el proyecto a cargo de la consultora Graciela von Bargen, la Gestora de Planificaci\u00f3n Proyectos del MAP; Ana Rom\u00e1n y la Coordinadora de la Unidad Implementadora (UIP); Carmen Cordero, al igual que cont\u00f3 con la participaci\u00f3n de Francesca Recanat\u00edn y Josef Trommer.<\/p>\n<p style=\"text-align: justify;\">Los viceministros del MAP Armando Manzueta y Alan Jim\u00e9nez, abordaron los temas \u201cDPI y la Arquitectura Integrada de Servicios\u201d y \u201cEl proyecto y su Impacto en la Reforma del Estado\u201d, ofreciendo una panor\u00e1mica de la importancia y esencia del proyecto.<\/p>\n<p style=\"text-align: justify;\">En la segunda jornada fueron socializados los componentes del proyecto, las estrategias fiduciarias y tr\u00e1mites verdes como mecanismos innovadores y de sostenibilidad que aportan insumos claves para la mejora de la prestaci\u00f3n de servicios p\u00fablicos, el fomento de la innovaci\u00f3n en la administraci\u00f3n p\u00fablica y el impulso de un crecimiento nacional inclusivo.<\/p>\n<p>Fuente: Prensa MAP<\/p>\n","protected":false},"excerpt":{"rendered":"<p>E ministro Sigmund Freund resalt\u00f3 que el proyecto representa \u00abun gran paso de avance\u00bb en<\/p>\n","protected":false},"author":4,"featured_media":47523,"comment_status":"open","ping_status":"open","sticky":false,"template":"","format":"standard","meta":{"footnotes":""},"categories":[7],"tags":[],"class_list":["post-47522","post","type-post","status-publish","format-standard","has-post-thumbnail","hentry","category-nacionales"],"_links":{"self":[{"href":"https:\/\/laverdadpublica.com\/index.php\/wp-json\/wp\/v2\/posts\/47522","targetHints":{"allow":["GET"]}}],"collection":[{"href":"https:\/\/laverdadpublica.com\/index.php\/wp-json\/wp\/v2\/posts"}],"about":[{"href":"https:\/\/laverdadpublica.com\/index.php\/wp-json\/wp\/v2\/types\/post"}],"author":[{"embeddable":true,"href":"https:\/\/laverdadpublica.com\/index.php\/wp-json\/wp\/v2\/users\/4"}],"replies":[{"embeddable":true,"href":"https:\/\/laverdadpublica.com\/index.php\/wp-json\/wp\/v2\/comments?post=47522"}],"version-history":[{"count":1,"href":"https:\/\/laverdadpublica.com\/index.php\/wp-json\/wp\/v2\/posts\/47522\/revisions"}],"predecessor-version":[{"id":47524,"href":"https:\/\/laverdadpublica.com\/index.php\/wp-json\/wp\/v2\/posts\/47522\/revisions\/47524"}],"wp:featuredmedia":[{"embeddable":true,"href":"https:\/\/laverdadpublica.com\/index.php\/wp-json\/wp\/v2\/media\/47523"}],"wp:attachment":[{"href":"https:\/\/laverdadpublica.com\/index.php\/wp-json\/wp\/v2\/media?parent=47522"}],"wp:term":[{"taxonomy":"category","embeddable":true,"href":"https:\/\/laverdadpublica.com\/index.php\/wp-json\/wp\/v2\/categories?post=47522"},{"taxonomy":"post_tag","embeddable":true,"href":"https:\/\/laverdadpublica.com\/index.php\/wp-json\/wp\/v2\/tags?post=47522"}],"curies":[{"name":"wp","href":"https:\/\/api.w.org\/{rel}","templated":true}]}}