{"id":47603,"date":"2025-08-30T20:36:59","date_gmt":"2025-08-30T20:36:59","guid":{"rendered":"https:\/\/laverdadpublica.com\/?p=47603"},"modified":"2025-08-31T00:37:11","modified_gmt":"2025-08-31T00:37:11","slug":"ibelka-urena-gana-elecciones-del-cdp-en-nueva-york","status":"publish","type":"post","link":"https:\/\/laverdadpublica.com\/index.php\/2025\/08\/30\/ibelka-urena-gana-elecciones-del-cdp-en-nueva-york\/","title":{"rendered":"Ibelka Ure\u00f1a gana elecciones del CDP en Nueva York"},"content":{"rendered":"<p style=\"text-align: justify;\">NUEVA YORK.- La reconocida periodista Ibelka Ure\u00f1a result\u00f3 electa como la nueva secretaria general de la Seccional del Colegio Dominicano de Periodistas (CDP) en Nueva York, al imponerse en las elecciones celebradas este viernes 29 de agosto en la Fundaci\u00f3n Juan Pablo Duarte, en el Alto Manhattan.<\/p>\n<blockquote>\n<p style=\"text-align: center;\">Ure\u00f1a obtuvo 36 de los 66 votos contabilizados mientras que Lisette Montolio logr\u00f3 30.<\/p>\n<\/blockquote>\n<p style=\"text-align: justify;\">El proceso electoral, que cont\u00f3 con la participaci\u00f3n de dos planchas, se desarroll\u00f3 en un ambiente de civismo, disciplina y respeto, seg\u00fan inform\u00f3 la Comisi\u00f3n Electoral. La Plancha No. 2, encabezada por Ure\u00f1a, obtuvo la mayor\u00eda de los votos frente a la Plancha No. 1, liderada por la periodista Lissette Montol\u00edo.<\/p>\n<p style=\"text-align: justify;\">La Comisi\u00f3n Electoral destac\u00f3 la organizaci\u00f3n de la jornada, la puntualidad en la apertura de las votaciones a las 10:00 de la ma\u00f1ana y el cierre a las 7:00 de la noche, as\u00ed como la masiva participaci\u00f3n de los miembros del CDP-NY, quienes acudieron con entusiasmo a ejercer su derecho democr\u00e1tico.<\/p>\n<p style=\"text-align: justify;\">En un comunicado oficial, la presidenta de la Comisi\u00f3n, Gladys S\u00e1nchez, junto a Francisco Medina, secretario; Benjam\u00edn Valverde, tesorero; y Mar\u00eda S\u00e1nchez, vocal, agradecieron el respaldo y el orden con que se condujeron los periodistas dominicanos residentes en Nueva York.<\/p>\n<blockquote>\n<p style=\"text-align: center;\">\u201cEste proceso ha sido una demostraci\u00f3n de madurez institucional. Hemos cumplido con el deber de garantizar elecciones transparentes, justas y participativas, fortaleciendo as\u00ed la democracia interna de nuestro gremio\u201d, expres\u00f3 Gladys S\u00e1nchez.<\/p>\n<\/blockquote>\n<p style=\"text-align: justify;\">Los comicios se realizaron en el local de la Fundaci\u00f3n Juan Pablo Duarte, ubicada en el 408 de Fort Washington Avenue, entre las calles 178 y 179 de Manhattan, espacio que desde tempranas horas acogi\u00f3 a decenas de comunicadores.<\/p>\n<p style=\"text-align: justify;\">La Comisi\u00f3n Electoral tambi\u00e9n reiter\u00f3 su llamado a los votantes a mantener el orden, se\u00f1alando que una vez ejercido el voto era necesario despejar el \u00e1rea para permitir la agilidad del proceso y la labor de los delegados de ambas planchas.<\/p>\n<p style=\"text-align: justify;\">Al ofrecer sus primeras palabras tras el triunfo, Ibelka Ure\u00f1a agradeci\u00f3 el voto de confianza de los colegas periodistas y asegur\u00f3 que trabajar\u00e1 con entrega para unificar y fortalecer al CDP-NY, impulsando programas de formaci\u00f3n, integraci\u00f3n y defensa de los intereses del gremio.<\/p>\n<blockquote>\n<p style=\"text-align: center;\">\u201cEste no es un triunfo personal, es un triunfo colectivo. Nuestro compromiso es trabajar de la mano con cada colega para dignificar la profesi\u00f3n y abrir m\u00e1s espacios de participaci\u00f3n en Nueva York\u201d, manifest\u00f3 Ure\u00f1a.<\/p>\n<\/blockquote>\n<p style=\"text-align: justify;\">Por su parte, la Comisi\u00f3n Electoral reconoci\u00f3 la importancia de la jornada y felicit\u00f3 tanto a los candidatos como a los miembros que se involucraron en la organizaci\u00f3n.<\/p>\n<blockquote>\n<p style=\"text-align: center;\">\u201cLa democracia del CDP en Nueva York sali\u00f3 fortalecida. Invitamos a todos a continuar participando activamente en la vida institucional de nuestra seccional\u201d, concluy\u00f3 el comunicado.<\/p>\n<\/blockquote>\n<p style=\"text-align: justify;\">El proceso electoral se enmarca en la renovaci\u00f3n de las directivas del Colegio Dominicano de Periodistas en distintas ciudades donde se encuentran sus seccionales, un ejercicio que busca garantizar la representatividad de sus miembros y la transparencia en la vida gremial.<\/p>\n<p style=\"text-align: justify;\">Con la elecci\u00f3n de Ibelka Ure\u00f1a, la comunidad period\u00edstica dominicana en Nueva York inicia una nueva etapa, marcada por la unidad, la defensa de los valores \u00e9ticos del periodismo y el compromiso de fortalecer los lazos entre la di\u00e1spora y la Rep\u00fablica Dominicana.<\/p>\n<p>Fuente: Aquiles Rojas<\/p>\n","protected":false},"excerpt":{"rendered":"<p>NUEVA YORK.- La reconocida periodista Ibelka Ure\u00f1a result\u00f3 electa como la nueva secretaria general de<\/p>\n","protected":false},"author":4,"featured_media":47604,"comment_status":"open","ping_status":"open","sticky":false,"template":"","format":"standard","meta":{"footnotes":""},"categories":[16],"tags":[],"class_list":["post-47603","post","type-post","status-publish","format-standard","has-post-thumbnail","hentry","category-internacionales"],"_links":{"self":[{"href":"https:\/\/laverdadpublica.com\/index.php\/wp-json\/wp\/v2\/posts\/47603","targetHints":{"allow":["GET"]}}],"collection":[{"href":"https:\/\/laverdadpublica.com\/index.php\/wp-json\/wp\/v2\/posts"}],"about":[{"href":"https:\/\/laverdadpublica.com\/index.php\/wp-json\/wp\/v2\/types\/post"}],"author":[{"embeddable":true,"href":"https:\/\/laverdadpublica.com\/index.php\/wp-json\/wp\/v2\/users\/4"}],"replies":[{"embeddable":true,"href":"https:\/\/laverdadpublica.com\/index.php\/wp-json\/wp\/v2\/comments?post=47603"}],"version-history":[{"count":1,"href":"https:\/\/laverdadpublica.com\/index.php\/wp-json\/wp\/v2\/posts\/47603\/revisions"}],"predecessor-version":[{"id":47606,"href":"https:\/\/laverdadpublica.com\/index.php\/wp-json\/wp\/v2\/posts\/47603\/revisions\/47606"}],"wp:featuredmedia":[{"embeddable":true,"href":"https:\/\/laverdadpublica.com\/index.php\/wp-json\/wp\/v2\/media\/47604"}],"wp:attachment":[{"href":"https:\/\/laverdadpublica.com\/index.php\/wp-json\/wp\/v2\/media?parent=47603"}],"wp:term":[{"taxonomy":"category","embeddable":true,"href":"https:\/\/laverdadpublica.com\/index.php\/wp-json\/wp\/v2\/categories?post=47603"},{"taxonomy":"post_tag","embeddable":true,"href":"https:\/\/laverdadpublica.com\/index.php\/wp-json\/wp\/v2\/tags?post=47603"}],"curies":[{"name":"wp","href":"https:\/\/api.w.org\/{rel}","templated":true}]}}