{"id":48572,"date":"2025-09-12T20:39:59","date_gmt":"2025-09-12T20:39:59","guid":{"rendered":"https:\/\/laverdadpublica.com\/?p=48572"},"modified":"2025-09-15T00:42:32","modified_gmt":"2025-09-15T00:42:32","slug":"gaspar-mario-cruz-misticismo-e-ingenuidad","status":"publish","type":"post","link":"https:\/\/laverdadpublica.com\/index.php\/2025\/09\/12\/gaspar-mario-cruz-misticismo-e-ingenuidad\/","title":{"rendered":"Gaspar Mario Cruz: Misticismo e Ingenuidad\u00bb"},"content":{"rendered":"<p style=\"text-align: justify;\">La Galer\u00eda de Arte Arawak se complace en invitar a la inauguraci\u00f3n de la exposici\u00f3n de esculturas de una de las glorias de las artes pl\u00e1sticas dominicanas, el escultor Gaspar Mario Cruz, destacado por su estilo singular y por su profunda conexi\u00f3n con nuestra cultura y nuestras ra\u00edces.<\/p>\n<p style=\"text-align: justify;\">La muestra re\u00fane una selecci\u00f3n de 22 esculturas talladas en caoba a trav\u00e9s de las cuales el autor nos revela la fuerza expresiva y simb\u00f3lica de su trabajo y donde confluyen la tradici\u00f3n, la identidad y la exploraci\u00f3n contempor\u00e1nea con piezas en las que conviven figuras humanas, elementos espirituales y referencias a la vida cotidiana dominicana.<\/p>\n<p style=\"text-align: justify;\">Mario Cruz, de gran imaginaci\u00f3n creadora y con una producci\u00f3n vigorosa, nos revela un gran contenido espiritual y una ingenuidad po\u00e9tica en sus tallas, invitando al espectador a un di\u00e1logo entre lo ancestral y lo moderno. Sus tallas, de producci\u00f3n vigorosa, siempre dentro de la figuraci\u00f3n, a veces cargadas de humor, otras solemnes, incluyen: familias, parejas, madres e hijos, figuras divinas y humanas, hombres y mujeres dialogando entre ellos, realizadas con una volumetr\u00eda de l\u00edneas curvas y ovaladas mezcladas de espontaneidad, de inocencia y sensualidad, destac\u00e1ndose la ingenuidad en los rostros y en la disposici\u00f3n de los elementos.<\/p>\n<p style=\"text-align: justify;\">Gaspar Mario Cruz entrelaza figuras del mundo ind\u00edgena: Ciguapas, metresas, duendes, reyes, reinas, esp\u00edritus de la selva, as\u00ed como elementos de la cultura negra: rostros afroantillanos, figuras entrelazadas y desnudas con una mezcla de erotismo, mujeres con tocados o sombreros, palomas y serpientes representando la pureza y el pecado. Es un narrador de historias vinculadas estrechamente al origen y costumbres de su tierra.<\/p>\n<p style=\"text-align: justify;\">Sobre el Artista<\/p>\n<p style=\"text-align: justify;\">Gaspar Mario Cruz naci\u00f3 en San Francisco de Macor\u00eds en 1925. Desde peque\u00f1o tuvo inclinaci\u00f3n hacia la literatura, la m\u00fasica y las artes y fabricaba sus propios juguetes con madera que buscaba en los patios. Era un ni\u00f1o muy devoto y tallaba santos que esculp\u00eda inspirado en la iglesia parroquial de su pueblo natal. Siempre estuvo muy apegado a la imagen de Jes\u00fas, de la Virgen y de los Santos, espiritualidad que trasmiti\u00f3 siempre en sus tallas. Su primera escuela fueron los retablos religiosos, as\u00ed como las im\u00e1genes y figuras m\u00e1gicas esculpidas por los tainos en vasijas y utensilios.<\/p>\n<p style=\"text-align: justify;\">Su obra se caracteriza por la fusi\u00f3n de lo m\u00e1gico, lo religioso y lo popular. Su estilo personal lo ha posicionado como una figura imprescindible del panorama art\u00edstico contempor\u00e1neo, con importantes exposiciones individuales y colectivas dentro y fuera del pa\u00eds. Fue ganador de dos primeros premios en la VIII y IX Bienal de Artes Pl\u00e1sticas (1956 y 1958) y un segundo lugar en la X Bienal de Artes Pl\u00e1sticas (1960); Tercer Premio en Escultura en Concurso de Arte E. Le\u00f3n Jimenes (1964) y en 1967 su obra fue seleccionada para participar en la Bienal de Sao Paolo, Brasil. En 1968 form\u00f3 parte del Grupo Proyecta y en 1981 participa en la galer\u00eda Signs Gallery en Nueva York junto con un grupo de artistas dominicanos. Fue presidente durante dos periodos del Colegio Dominicano de Artistas Pl\u00e1sticos (CODAP) desde donde organiz\u00f3 el Primer Simposio Iberoamericano de Escultura en 1985. En 1989 el Obispo de Santiago, Monse\u00f1or Roque Adames, le encarga realizar las puertas de la Catedral Santiago Ap\u00f3stol compuesta por 17 paneles de caoba y cedro tallados en alto relieve, obra magistral que concluy\u00f3 en 1990. Falleci\u00f3 en la ciudad de Santo Domingo en el a\u00f1o 2006.<\/p>\n<p style=\"text-align: justify;\">La exposici\u00f3n ser\u00e1 inaugurada el martes 16 de septiembre a partir de las 7:30 pm en la sala de exhibici\u00f3n de Arawak Arte Contempor\u00e1neo, ubicada en la calle Polibio Diaz n\u00famero 11 en el sector de Evaristo Morales.<\/p>\n<p style=\"text-align: justify;\">M\u00e1s detalles con Mildred Canahuate al\u00a0 829 990 3262 o en redes sociales: @galeriaarawak.<\/p>\n<p>Fuente: Sociales y Turismo<\/p>\n","protected":false},"excerpt":{"rendered":"<p>La Galer\u00eda de Arte Arawak se complace en invitar a la inauguraci\u00f3n de la exposici\u00f3n<\/p>\n","protected":false},"author":1,"featured_media":48573,"comment_status":"open","ping_status":"open","sticky":false,"template":"","format":"standard","meta":{"footnotes":""},"categories":[245],"tags":[],"class_list":["post-48572","post","type-post","status-publish","format-standard","has-post-thumbnail","hentry","category-cultura"],"_links":{"self":[{"href":"https:\/\/laverdadpublica.com\/index.php\/wp-json\/wp\/v2\/posts\/48572","targetHints":{"allow":["GET"]}}],"collection":[{"href":"https:\/\/laverdadpublica.com\/index.php\/wp-json\/wp\/v2\/posts"}],"about":[{"href":"https:\/\/laverdadpublica.com\/index.php\/wp-json\/wp\/v2\/types\/post"}],"author":[{"embeddable":true,"href":"https:\/\/laverdadpublica.com\/index.php\/wp-json\/wp\/v2\/users\/1"}],"replies":[{"embeddable":true,"href":"https:\/\/laverdadpublica.com\/index.php\/wp-json\/wp\/v2\/comments?post=48572"}],"version-history":[{"count":1,"href":"https:\/\/laverdadpublica.com\/index.php\/wp-json\/wp\/v2\/posts\/48572\/revisions"}],"predecessor-version":[{"id":48574,"href":"https:\/\/laverdadpublica.com\/index.php\/wp-json\/wp\/v2\/posts\/48572\/revisions\/48574"}],"wp:featuredmedia":[{"embeddable":true,"href":"https:\/\/laverdadpublica.com\/index.php\/wp-json\/wp\/v2\/media\/48573"}],"wp:attachment":[{"href":"https:\/\/laverdadpublica.com\/index.php\/wp-json\/wp\/v2\/media?parent=48572"}],"wp:term":[{"taxonomy":"category","embeddable":true,"href":"https:\/\/laverdadpublica.com\/index.php\/wp-json\/wp\/v2\/categories?post=48572"},{"taxonomy":"post_tag","embeddable":true,"href":"https:\/\/laverdadpublica.com\/index.php\/wp-json\/wp\/v2\/tags?post=48572"}],"curies":[{"name":"wp","href":"https:\/\/api.w.org\/{rel}","templated":true}]}}