{"id":49881,"date":"2025-10-02T09:31:46","date_gmt":"2025-10-02T09:31:46","guid":{"rendered":"https:\/\/laverdadpublica.com\/?p=49881"},"modified":"2025-10-02T22:33:53","modified_gmt":"2025-10-02T22:33:53","slug":"un-abuso-electrico-abogada-denuncia-factura-de-mas-de-20-mil-pesos-en-hogar-comun","status":"publish","type":"post","link":"https:\/\/laverdadpublica.com\/index.php\/2025\/10\/02\/un-abuso-electrico-abogada-denuncia-factura-de-mas-de-20-mil-pesos-en-hogar-comun\/","title":{"rendered":"\u201cUn abuso el\u00e9ctrico\u201d: Abogada denuncia factura de m\u00e1s de 20 mil pesos en hogar com\u00fan"},"content":{"rendered":"<p style=\"text-align: justify;\">La abogada Bernardina Reinoso expres\u00f3 con indignaci\u00f3n e impotencia su decepci\u00f3n ante lo que calific\u00f3 como un abuso el\u00e9ctrico en la Rep\u00fablica Dominicana.<\/p>\n<p style=\"text-align: justify;\">Reinoso denunci\u00f3 que en su hogar, donde residen tres personas que trabajan durante el d\u00eda y solo permanecen en la vivienda en horas de la noche, lleg\u00f3 una factura de m\u00e1s de 20,000 pesos por el mes de octubre, cifra que considera desproporcionada e injustificada.<\/p>\n<p style=\"text-align: justify;\">La jurista afirm\u00f3 que esta situaci\u00f3n constituye un atropello contra las familias trabajadoras que luchan d\u00eda a d\u00eda por ganarse el sustento.<\/p>\n<blockquote>\n<p style=\"text-align: center;\">\u201cEsto destruye la confianza de un pueblo que crey\u00f3 en un cambio y que hoy solo recibe una pu\u00f1alada en el coraz\u00f3n\u201d, manifest\u00f3 con evidente frustraci\u00f3n.<\/p>\n<\/blockquote>\n<p style=\"text-align: justify;\">Asimismo, asegur\u00f3 que estas pr\u00e1cticas golpean m\u00e1s fuerte a los sectores que menos tienen y que m\u00e1s necesitan apoyo del Estado.<\/p>\n<p style=\"text-align: justify;\">Reinoso fue enf\u00e1tica al se\u00f1alar que el presidente ha fallado al pueblo dominicano y a quienes depositaron su esperanza en una mejor gesti\u00f3n.<\/p>\n<p style=\"text-align: justify;\">Exigi\u00f3 respeto, justicia y una investigaci\u00f3n seria de su caso, advirtiendo que la alta facturaci\u00f3n el\u00e9ctrica es un mal que afecta a miles de ciudadanos que claman soluciones inmediatas.<\/p>\n<p>Fuente: Denuncia enviada en Redacci\u00f3n<\/p>\n","protected":false},"excerpt":{"rendered":"<p>La abogada Bernardina Reinoso expres\u00f3 con indignaci\u00f3n e impotencia su decepci\u00f3n ante lo que calific\u00f3<\/p>\n","protected":false},"author":1,"featured_media":49882,"comment_status":"open","ping_status":"open","sticky":false,"template":"","format":"standard","meta":{"footnotes":""},"categories":[7],"tags":[],"class_list":["post-49881","post","type-post","status-publish","format-standard","has-post-thumbnail","hentry","category-nacionales"],"_links":{"self":[{"href":"https:\/\/laverdadpublica.com\/index.php\/wp-json\/wp\/v2\/posts\/49881","targetHints":{"allow":["GET"]}}],"collection":[{"href":"https:\/\/laverdadpublica.com\/index.php\/wp-json\/wp\/v2\/posts"}],"about":[{"href":"https:\/\/laverdadpublica.com\/index.php\/wp-json\/wp\/v2\/types\/post"}],"author":[{"embeddable":true,"href":"https:\/\/laverdadpublica.com\/index.php\/wp-json\/wp\/v2\/users\/1"}],"replies":[{"embeddable":true,"href":"https:\/\/laverdadpublica.com\/index.php\/wp-json\/wp\/v2\/comments?post=49881"}],"version-history":[{"count":1,"href":"https:\/\/laverdadpublica.com\/index.php\/wp-json\/wp\/v2\/posts\/49881\/revisions"}],"predecessor-version":[{"id":49883,"href":"https:\/\/laverdadpublica.com\/index.php\/wp-json\/wp\/v2\/posts\/49881\/revisions\/49883"}],"wp:featuredmedia":[{"embeddable":true,"href":"https:\/\/laverdadpublica.com\/index.php\/wp-json\/wp\/v2\/media\/49882"}],"wp:attachment":[{"href":"https:\/\/laverdadpublica.com\/index.php\/wp-json\/wp\/v2\/media?parent=49881"}],"wp:term":[{"taxonomy":"category","embeddable":true,"href":"https:\/\/laverdadpublica.com\/index.php\/wp-json\/wp\/v2\/categories?post=49881"},{"taxonomy":"post_tag","embeddable":true,"href":"https:\/\/laverdadpublica.com\/index.php\/wp-json\/wp\/v2\/tags?post=49881"}],"curies":[{"name":"wp","href":"https:\/\/api.w.org\/{rel}","templated":true}]}}