{"id":50319,"date":"2025-10-09T16:20:28","date_gmt":"2025-10-09T16:20:28","guid":{"rendered":"https:\/\/laverdadpublica.com\/?p=50319"},"modified":"2025-10-10T01:14:20","modified_gmt":"2025-10-10T01:14:20","slug":"carolina-mejia-escucha-a-los-residentes-de-gazcue-con-el-programa-la-alcaldia-llega-a-ti","status":"publish","type":"post","link":"https:\/\/laverdadpublica.com\/index.php\/2025\/10\/09\/carolina-mejia-escucha-a-los-residentes-de-gazcue-con-el-programa-la-alcaldia-llega-a-ti\/","title":{"rendered":"Carolina Mej\u00eda escucha a los residentes de Gazcue con el programa La Alcald\u00eda Llega a Ti"},"content":{"rendered":"<p style=\"text-align: justify;\"><strong>Santo Domingo, DN-<\/strong> Carolina Mej\u00eda se traslad\u00f3 al sector de Gazcue con el programa La Alcald\u00eda Llega a Ti, para escuchar detalladamente las inquietudes expuestas por los residentes de esta localidad y brind\u00f3 soluciones.<\/p>\n<p style=\"text-align: justify;\">Este encuentro se efectu\u00f3 en las inmediaciones de la Catedral Episcopal de la Epifan\u00eda. Estuvieron presentes los representantes de la Uni\u00f3n de las Juntas de Vecinos de Don Bosco Sur, Don Bosco Norte, Miraflores, Ciudad Nueva, Primavera de Gazcue, Proyecto 27 de Febrero, Jardines de Gazcue y Caonabo de Gazcue, entre otros.<\/p>\n<p style=\"text-align: justify;\">Ante las diferentes solicitudes realizadas por los moradores, la ejecutiva municipal extern\u00f3 las soluciones que se pueden hacer de forma inmediata y se comprometi\u00f3 a canalizar otras que conlleven mayor planificaci\u00f3n previo a su ejecuci\u00f3n.<\/p>\n<blockquote>\n<p style=\"text-align: center;\">\u201cGracias a la responsabilidad humana, al apoyo y actitud de ustedes por ser entes de liderazgo en sus sectores, nosotros que tenemos esa sensibilidad de acoger este tipo de liderazgo hemos logrado hacer much\u00edsimo con ustedes\u201d, expres\u00f3 Mej\u00eda al resaltar la labor de cada l\u00edder comunitario.<\/p>\n<\/blockquote>\n<p style=\"text-align: justify;\">Asimismo, destac\u00f3 el esfuerzo y apoyo brindado por el Gobierno central y el presidente Luis Abinader, calific\u00e1ndolo como el hermano que apoya los proyectos de la ciudad.<\/p>\n<p style=\"text-align: justify;\">Mej\u00eda le hizo un llamado a la ciudadan\u00eda, incentiv\u00e1ndolos a que paguen el servicio de la basura y a reeducar con el ejemplo al contribuir con la limpieza de las aceras, contenes y espacios p\u00fablicos, para as\u00ed entre todos favorecer al bienestar de la ciudad.<\/p>\n<blockquote>\n<p style=\"text-align: center;\">\u201cNosotros tambi\u00e9n tenemos que hacer conciencia para ver c\u00f3mo nos hacemos entes multiplicadores de esa informaci\u00f3n y sensibilizar a la gente para que entienda que ese es un servicio que se paga\u201d, apunt\u00f3 la alcaldesa.<\/p>\n<\/blockquote>\n<p style=\"text-align: justify;\">Resalt\u00f3 la importancia del trabajo mancomunado entre los ciudadanos y las autoridades, ya que cuando se tiene un involucramiento activo, se pueden obtener mejores resultados al atender las necesidades reales de los moradores.<\/p>\n<blockquote>\n<p style=\"text-align: center;\">\u201cComo ciudadana, yo lo que pienso es que nuestro pa\u00eds merece desarrollarse bien y sobre todo tocar verdaderamente las necesidades sentidas de la gente, enfocarnos y trabajar de la mano\u201d, apunt\u00f3 Mej\u00eda.<\/p>\n<\/blockquote>\n<p style=\"text-align: justify;\">Blenda Castro, presidenta de la Uni\u00f3n de las Juntas de vecinos, en sus palabras de bienvenida, manifest\u00f3 su agradecimiento por los trabajos que ha venido realizando la alcaldesa en conjunto con los colaboradores del cabildo.<\/p>\n<blockquote>\n<p style=\"text-align: center;\">\u201cEste es un d\u00eda glorioso para nuestra comunidad. Carolina Mej\u00eda es una persona cercana a nosotros; nunca en la vida nosotros hab\u00edamos tenido una cercan\u00eda tan grande como la que tenemos ahora. Todos los funcionarios de la alcald\u00eda siempre nos han dicho presente\u201d, dijo Castro.<\/p>\n<\/blockquote>\n<p style=\"text-align: justify;\">Adem\u00e1s de los dictadores del cabildo, estuvieron presentes los regidores Giancarlo Vega, Mar\u00eda Laura B\u00e1ez y Juan L\u00f3pez.<\/p>\n<p style=\"text-align: justify;\">Producto de este programa La Alcald\u00eda Llega a Ti, el cabildo anunci\u00f3 que realizar\u00e1 el pr\u00f3ximo s\u00e1bado un gran operativo de limpieza en el sector de Gazcue.<\/p>\n<p>Fuente: Prensa ADN<\/p>\n","protected":false},"excerpt":{"rendered":"<p>Santo Domingo, DN- Carolina Mej\u00eda se traslad\u00f3 al sector de Gazcue con el programa La<\/p>\n","protected":false},"author":1,"featured_media":50320,"comment_status":"open","ping_status":"open","sticky":false,"template":"","format":"standard","meta":{"footnotes":""},"categories":[7],"tags":[],"class_list":["post-50319","post","type-post","status-publish","format-standard","has-post-thumbnail","hentry","category-nacionales"],"_links":{"self":[{"href":"https:\/\/laverdadpublica.com\/index.php\/wp-json\/wp\/v2\/posts\/50319","targetHints":{"allow":["GET"]}}],"collection":[{"href":"https:\/\/laverdadpublica.com\/index.php\/wp-json\/wp\/v2\/posts"}],"about":[{"href":"https:\/\/laverdadpublica.com\/index.php\/wp-json\/wp\/v2\/types\/post"}],"author":[{"embeddable":true,"href":"https:\/\/laverdadpublica.com\/index.php\/wp-json\/wp\/v2\/users\/1"}],"replies":[{"embeddable":true,"href":"https:\/\/laverdadpublica.com\/index.php\/wp-json\/wp\/v2\/comments?post=50319"}],"version-history":[{"count":1,"href":"https:\/\/laverdadpublica.com\/index.php\/wp-json\/wp\/v2\/posts\/50319\/revisions"}],"predecessor-version":[{"id":50321,"href":"https:\/\/laverdadpublica.com\/index.php\/wp-json\/wp\/v2\/posts\/50319\/revisions\/50321"}],"wp:featuredmedia":[{"embeddable":true,"href":"https:\/\/laverdadpublica.com\/index.php\/wp-json\/wp\/v2\/media\/50320"}],"wp:attachment":[{"href":"https:\/\/laverdadpublica.com\/index.php\/wp-json\/wp\/v2\/media?parent=50319"}],"wp:term":[{"taxonomy":"category","embeddable":true,"href":"https:\/\/laverdadpublica.com\/index.php\/wp-json\/wp\/v2\/categories?post=50319"},{"taxonomy":"post_tag","embeddable":true,"href":"https:\/\/laverdadpublica.com\/index.php\/wp-json\/wp\/v2\/tags?post=50319"}],"curies":[{"name":"wp","href":"https:\/\/api.w.org\/{rel}","templated":true}]}}