{"id":50349,"date":"2025-10-09T16:40:50","date_gmt":"2025-10-09T16:40:50","guid":{"rendered":"https:\/\/laverdadpublica.com\/?p=50349"},"modified":"2025-10-10T01:42:58","modified_gmt":"2025-10-10T01:42:58","slug":"latin-awards-canada-celebrara-su-decima-edicion-premiando-el-talento-latino-desde-montreal","status":"publish","type":"post","link":"https:\/\/laverdadpublica.com\/index.php\/2025\/10\/09\/latin-awards-canada-celebrara-su-decima-edicion-premiando-el-talento-latino-desde-montreal\/","title":{"rendered":"Latin Awards Canad\u00e1 celebrar\u00e1 su d\u00e9cima edici\u00f3n premiando el talento latino desde Montreal"},"content":{"rendered":"<blockquote>\n<p style=\"text-align: center;\">El evento contar\u00e1 con la participaci\u00f3n estelar de los dominicanos Jorge de Jes\u00fas N\u00fa\u00f1ez Garc\u00eda, \u00c1ngel Marie Polanco, Vilma \u00c1vila y su fundador, An\u00edbal Cruz.<\/p>\n<\/blockquote>\n<p style=\"text-align: justify;\"><strong>Montreal, Canad\u00e1, octubre de 2025<\/strong>. Este domingo 12 de octubre, los Latin Awards Canad\u00e1 celebrar\u00e1n su 10\u00aa edici\u00f3n por todo lo alto en el Th\u00e9\u00e2tre Sylvain-Leli\u00e8vre de Montreal, consolid\u00e1ndose como la plataforma m\u00e1s prestigiosa para el talento latino en Canad\u00e1 y como una ventana de proyecci\u00f3n internacional con cobertura global.<\/p>\n<p style=\"text-align: justify;\">Esta gala de estrellas, conducida por los comunicadores Andr\u00e9s Agapito y Macarena Arias, marcar\u00e1 una edici\u00f3n hist\u00f3rica que reunir\u00e1 a artistas, emprendedores y l\u00edderes culturales de toda Am\u00e9rica Latina, con representaci\u00f3n destacada de las comunidades dominicanas, cubanas, paname\u00f1as, costarricenses, chilenas, ecuatorianas, hondure\u00f1as y colombianas.<\/p>\n<p style=\"text-align: justify;\">El periodista y escritor Jorge de Jes\u00fas N\u00fa\u00f1ez Garc\u00eda y la cantautora paname\u00f1a Vilma \u00c1vila estar\u00e1n a cargo de anunciar categor\u00edas clave como \u201cMejor presentador del a\u00f1o\u201d y \u201cMejor influencia digital 2025\u201d.<\/p>\n<p style=\"text-align: justify;\">Entre los nominados figuran el artista urbano Scorpion King RD, el vocalista Ben Anthony La Voz, y los reconocidos percusionistas Joaqu\u00edn N\u00fa\u00f1ez Hidalgo y Joaqu\u00edn Arteaga.<\/p>\n<p style=\"text-align: justify;\">La alfombra roja contar\u00e1 con la presencia del cantante cubano Yani Borrell y de la modelo internacional dominicana \u00c1ngel Marie Polanco, quienes engalanar\u00e1n la noche con su participaci\u00f3n. Tambi\u00e9n les acompa\u00f1ar\u00e1 la modelo dominico-canadiense M\u00eda Fuentes, quien entregar\u00e1 un premio sumando a\u00fan m\u00e1s brillo a esta celebraci\u00f3n del talento latino.<\/p>\n<p style=\"text-align: justify;\">An\u00edbal Cruz, fundador de los Latin Awards Canad\u00e1 dijo que este evento cuenta con el respaldo de la Fundaci\u00f3n AC Cruz.<\/p>\n<blockquote>\n<p style=\"text-align: center;\">\u201cEste certamen no solo reconoce a figuras consolidadas, sino que tambi\u00e9n abre espacio a nuevos talentos latinos, ampliando su impacto cultural y social tanto dentro como fuera de Canad\u00e1\u201d.<\/p>\n<\/blockquote>\n<p><strong>Transmisi\u00f3n a nivel internacional\u00a0<\/strong><\/p>\n<p style=\"text-align: justify;\">La premiaci\u00f3n ser\u00e1 transmitida a millones de hogares a trav\u00e9s de una extensa red internacional de medios:<\/p>\n<p style=\"text-align: justify;\">\u2022 Canad\u00e1: Urbana TV FM, Latinos TV NY, Univisi\u00f3n Canad\u00e1, Radio Alegre Canad\u00e1.<\/p>\n<p style=\"text-align: justify;\">\u2022 Rep\u00fablica Dominicana: Fuego TV, Telecontacto, Ox\u00edgeno 102.5 FM, Criolla 106 FM.<\/p>\n<p style=\"text-align: justify;\">\u2022 Panam\u00e1: Tropical Moon TV, K.BUENA Radio TV.<\/p>\n<p style=\"text-align: justify;\">\u2022 Colombia: La Gran Cadena Radial HSCH, Crucero FM, Telecanal.<\/p>\n<p>&nbsp;<\/p>\n<p>Fuente: Y. Lovera<\/p>\n","protected":false},"excerpt":{"rendered":"<p>El evento contar\u00e1 con la participaci\u00f3n estelar de los dominicanos Jorge de Jes\u00fas N\u00fa\u00f1ez Garc\u00eda,<\/p>\n","protected":false},"author":1,"featured_media":50350,"comment_status":"open","ping_status":"open","sticky":false,"template":"","format":"standard","meta":{"footnotes":""},"categories":[6],"tags":[],"class_list":["post-50349","post","type-post","status-publish","format-standard","has-post-thumbnail","hentry","category-espectaculos"],"_links":{"self":[{"href":"https:\/\/laverdadpublica.com\/index.php\/wp-json\/wp\/v2\/posts\/50349","targetHints":{"allow":["GET"]}}],"collection":[{"href":"https:\/\/laverdadpublica.com\/index.php\/wp-json\/wp\/v2\/posts"}],"about":[{"href":"https:\/\/laverdadpublica.com\/index.php\/wp-json\/wp\/v2\/types\/post"}],"author":[{"embeddable":true,"href":"https:\/\/laverdadpublica.com\/index.php\/wp-json\/wp\/v2\/users\/1"}],"replies":[{"embeddable":true,"href":"https:\/\/laverdadpublica.com\/index.php\/wp-json\/wp\/v2\/comments?post=50349"}],"version-history":[{"count":1,"href":"https:\/\/laverdadpublica.com\/index.php\/wp-json\/wp\/v2\/posts\/50349\/revisions"}],"predecessor-version":[{"id":50351,"href":"https:\/\/laverdadpublica.com\/index.php\/wp-json\/wp\/v2\/posts\/50349\/revisions\/50351"}],"wp:featuredmedia":[{"embeddable":true,"href":"https:\/\/laverdadpublica.com\/index.php\/wp-json\/wp\/v2\/media\/50350"}],"wp:attachment":[{"href":"https:\/\/laverdadpublica.com\/index.php\/wp-json\/wp\/v2\/media?parent=50349"}],"wp:term":[{"taxonomy":"category","embeddable":true,"href":"https:\/\/laverdadpublica.com\/index.php\/wp-json\/wp\/v2\/categories?post=50349"},{"taxonomy":"post_tag","embeddable":true,"href":"https:\/\/laverdadpublica.com\/index.php\/wp-json\/wp\/v2\/tags?post=50349"}],"curies":[{"name":"wp","href":"https:\/\/api.w.org\/{rel}","templated":true}]}}