{"id":50397,"date":"2025-10-11T18:37:18","date_gmt":"2025-10-11T18:37:18","guid":{"rendered":"https:\/\/laverdadpublica.com\/?p=50397"},"modified":"2025-10-12T18:39:01","modified_gmt":"2025-10-12T18:39:01","slug":"angel-jose-especialista-en-ciberseguridad-e-inteligencia-artificial-se-postula-al-premio-nacional-de-la-juventud-2026-con-su-proyecto-mente-de-hackers","status":"publish","type":"post","link":"https:\/\/laverdadpublica.com\/index.php\/2025\/10\/11\/angel-jose-especialista-en-ciberseguridad-e-inteligencia-artificial-se-postula-al-premio-nacional-de-la-juventud-2026-con-su-proyecto-mente-de-hackers\/","title":{"rendered":"\u00c1ngel Jos\u00e9, especialista en ciberseguridad e inteligencia artificial, se postula al Premio Nacional de la Juventud 2026 con su proyecto \u201cMente de Hackers\u201d"},"content":{"rendered":"<p style=\"text-align: justify;\">Santo Domingo, Rep\u00fablica Dominicana. \u2013 El especialista en ciberseguridad e inteligencia artificial \u00c1ngel Jos\u00e9 anunci\u00f3 su postulaci\u00f3n al Premio Nacional de la Juventud 2026, en el rengl\u00f3n Desarrollo Empresarial y Emprendimiento, representando su proyecto Mente de Hackers, una iniciativa que promueve la educaci\u00f3n, la prevenci\u00f3n y la concienciaci\u00f3n ciudadana frente a los riesgos del mundo digital.<\/p>\n<p style=\"text-align: justify;\">Mente de Hackers naci\u00f3 con el prop\u00f3sito de educar, informar y sensibilizar a la poblaci\u00f3n sobre los peligros asociados a los fraudes, estafas y delitos cibern\u00e9ticos que afectan cada vez m\u00e1s a j\u00f3venes, empresas y ciudadanos.<\/p>\n<p style=\"text-align: justify;\">A trav\u00e9s de charlas, talleres y conferencias, el proyecto ha logrado acercar el conocimiento en ciberseguridad a estudiantes, emprendedores y personas sin formaci\u00f3n t\u00e9cnica, brind\u00e1ndoles herramientas pr\u00e1cticas para proteger su informaci\u00f3n, su econom\u00eda y su futuro digital.<\/p>\n<blockquote>\n<p style=\"text-align: center;\">\u201cNuestra misi\u00f3n es clara: formar una cultura digital resiliente, \u00e9tica y consciente, donde el conocimiento se convierta en la mejor defensa frente al cibercrimen\u201d, expres\u00f3 \u00c1ngel Jos\u00e9.<\/p>\n<\/blockquote>\n<p style=\"text-align: justify;\">Durante los \u00faltimos a\u00f1os, Mente de Hackers ha colaborado con instituciones p\u00fablicas y privadas, incluyendo la Oficina Gubernamental de Tecnolog\u00edas de la Informaci\u00f3n y Comunicaci\u00f3n (OGTIC), el Centro Nacional de Ciberseguridad (CNCS), el Departamento de Ciberseguridad de la Polic\u00eda Nacional y el DICAT.<\/p>\n<blockquote>\n<p style=\"text-align: center;\">El proyecto tambi\u00e9n ha sido parte de los principales eventos de ciberseguridad del pa\u00eds.<\/p>\n<\/blockquote>\n<p style=\"text-align: justify;\">Con esta postulaci\u00f3n, \u00c1ngel Jos\u00e9 reafirma su compromiso de transformar la ciberseguridad en una herramienta de desarrollo social y educativo, demostrando que el emprendimiento tambi\u00e9n puede proteger a la sociedad.<\/p>\n<blockquote>\n<p style=\"text-align: center;\">\u201cPorque la seguridad digital comienza en la mente.\u201d<\/p>\n<\/blockquote>\n<p>Fuente: Ecopoliticas<\/p>\n","protected":false},"excerpt":{"rendered":"<p>Santo Domingo, Rep\u00fablica Dominicana. \u2013 El especialista en ciberseguridad e inteligencia artificial \u00c1ngel Jos\u00e9 anunci\u00f3<\/p>\n","protected":false},"author":1,"featured_media":50398,"comment_status":"open","ping_status":"open","sticky":false,"template":"","format":"standard","meta":{"footnotes":""},"categories":[7],"tags":[],"class_list":["post-50397","post","type-post","status-publish","format-standard","has-post-thumbnail","hentry","category-nacionales"],"_links":{"self":[{"href":"https:\/\/laverdadpublica.com\/index.php\/wp-json\/wp\/v2\/posts\/50397","targetHints":{"allow":["GET"]}}],"collection":[{"href":"https:\/\/laverdadpublica.com\/index.php\/wp-json\/wp\/v2\/posts"}],"about":[{"href":"https:\/\/laverdadpublica.com\/index.php\/wp-json\/wp\/v2\/types\/post"}],"author":[{"embeddable":true,"href":"https:\/\/laverdadpublica.com\/index.php\/wp-json\/wp\/v2\/users\/1"}],"replies":[{"embeddable":true,"href":"https:\/\/laverdadpublica.com\/index.php\/wp-json\/wp\/v2\/comments?post=50397"}],"version-history":[{"count":1,"href":"https:\/\/laverdadpublica.com\/index.php\/wp-json\/wp\/v2\/posts\/50397\/revisions"}],"predecessor-version":[{"id":50399,"href":"https:\/\/laverdadpublica.com\/index.php\/wp-json\/wp\/v2\/posts\/50397\/revisions\/50399"}],"wp:featuredmedia":[{"embeddable":true,"href":"https:\/\/laverdadpublica.com\/index.php\/wp-json\/wp\/v2\/media\/50398"}],"wp:attachment":[{"href":"https:\/\/laverdadpublica.com\/index.php\/wp-json\/wp\/v2\/media?parent=50397"}],"wp:term":[{"taxonomy":"category","embeddable":true,"href":"https:\/\/laverdadpublica.com\/index.php\/wp-json\/wp\/v2\/categories?post=50397"},{"taxonomy":"post_tag","embeddable":true,"href":"https:\/\/laverdadpublica.com\/index.php\/wp-json\/wp\/v2\/tags?post=50397"}],"curies":[{"name":"wp","href":"https:\/\/api.w.org\/{rel}","templated":true}]}}