{"id":50662,"date":"2025-10-15T15:07:00","date_gmt":"2025-10-15T15:07:00","guid":{"rendered":"https:\/\/laverdadpublica.com\/?p=50662"},"modified":"2025-10-15T15:07:00","modified_gmt":"2025-10-15T15:07:00","slug":"15-de-octubre-dia-mundial-de-la-etica","status":"publish","type":"post","link":"https:\/\/laverdadpublica.com\/index.php\/2025\/10\/15\/15-de-octubre-dia-mundial-de-la-etica\/","title":{"rendered":"15 de octubre &#8211; D\u00eda Mundial de la \u00c9tica"},"content":{"rendered":"<div class=\"WaaZC\">\n<div class=\"RJPOee EIJn2\"><\/div>\n<\/div>\n<div class=\"WaaZC\">\n<div class=\"RJPOee EIJn2\">\n<div class=\"zMgcWd dSKvsb\" data-il=\"\">\n<div data-crb-p=\"\">\n<div class=\"xFTqob\">\n<div class=\"vM0jzc\">\n<p style=\"text-align: justify;\">El <strong>15 de octubre es el D\u00eda Mundial de la \u00c9tica<\/strong>,\u00a0una jornada para reflexionar sobre la importancia de la \u00e9tica en la vida diaria, la toma de decisiones responsables y la construcci\u00f3n de una sociedad m\u00e1s justa.<\/p>\n<p style=\"text-align: justify;\"><em>La fecha, que se celebra el tercer mi\u00e9rcoles de octubre<\/em>, busca promover la \u00e9tica a trav\u00e9s de la acci\u00f3n individual y organizacional, no solo como una disciplina acad\u00e9mica sino como una herramienta para afrontar desaf\u00edos globales.<\/p>\n<p style=\"text-align: justify;\"><strong>\u00bfPor qu\u00e9 es importante?<\/strong><\/p>\n<ul style=\"text-align: justify;\">\n<li><strong>Promueve el di\u00e1logo y la reflexi\u00f3n<\/strong>:\u00a0 Sirve para concienciar sobre la relevancia de los valores \u00e9ticos en todos los aspectos de la vida.<\/li>\n<li><strong>Fomenta decisiones responsables:<\/strong> Anima a las personas y organizaciones a tomar decisiones informadas y responsables, tanto en el \u00e1mbito personal como profesional.<\/li>\n<li><strong>Aborda desaf\u00edos globales:<\/strong> En un mundo con problemas como pandemias, injusticia y cambio clim\u00e1tico, la \u00e9tica act\u00faa como una gu\u00eda para la acci\u00f3n consciente y el respeto a los dem\u00e1s y al planeta.<\/li>\n<li><strong>Fortalece las comunidades:<\/strong> Al practicar la \u00e9tica y reconocer la dignidad de los dem\u00e1s, se contribuye a construir una sociedad m\u00e1s justa, transparente y humana.<\/li>\n<\/ul>\n<p style=\"text-align: justify;\">Fuente: Novedades de Tabasco<\/p>\n<\/div>\n<\/div>\n<\/div>\n<\/div>\n<\/div>\n<\/div>\n","protected":false},"excerpt":{"rendered":"<p>El 15 de octubre es el D\u00eda Mundial de la \u00c9tica,\u00a0una jornada para reflexionar sobre<\/p>\n","protected":false},"author":4,"featured_media":50663,"comment_status":"open","ping_status":"open","sticky":false,"template":"","format":"standard","meta":{"footnotes":""},"categories":[16],"tags":[],"class_list":["post-50662","post","type-post","status-publish","format-standard","has-post-thumbnail","hentry","category-internacionales"],"_links":{"self":[{"href":"https:\/\/laverdadpublica.com\/index.php\/wp-json\/wp\/v2\/posts\/50662","targetHints":{"allow":["GET"]}}],"collection":[{"href":"https:\/\/laverdadpublica.com\/index.php\/wp-json\/wp\/v2\/posts"}],"about":[{"href":"https:\/\/laverdadpublica.com\/index.php\/wp-json\/wp\/v2\/types\/post"}],"author":[{"embeddable":true,"href":"https:\/\/laverdadpublica.com\/index.php\/wp-json\/wp\/v2\/users\/4"}],"replies":[{"embeddable":true,"href":"https:\/\/laverdadpublica.com\/index.php\/wp-json\/wp\/v2\/comments?post=50662"}],"version-history":[{"count":1,"href":"https:\/\/laverdadpublica.com\/index.php\/wp-json\/wp\/v2\/posts\/50662\/revisions"}],"predecessor-version":[{"id":50664,"href":"https:\/\/laverdadpublica.com\/index.php\/wp-json\/wp\/v2\/posts\/50662\/revisions\/50664"}],"wp:featuredmedia":[{"embeddable":true,"href":"https:\/\/laverdadpublica.com\/index.php\/wp-json\/wp\/v2\/media\/50663"}],"wp:attachment":[{"href":"https:\/\/laverdadpublica.com\/index.php\/wp-json\/wp\/v2\/media?parent=50662"}],"wp:term":[{"taxonomy":"category","embeddable":true,"href":"https:\/\/laverdadpublica.com\/index.php\/wp-json\/wp\/v2\/categories?post=50662"},{"taxonomy":"post_tag","embeddable":true,"href":"https:\/\/laverdadpublica.com\/index.php\/wp-json\/wp\/v2\/tags?post=50662"}],"curies":[{"name":"wp","href":"https:\/\/api.w.org\/{rel}","templated":true}]}}