{"id":51284,"date":"2025-10-24T15:38:45","date_gmt":"2025-10-24T15:38:45","guid":{"rendered":"https:\/\/laverdadpublica.com\/?p=51284"},"modified":"2025-10-24T15:38:45","modified_gmt":"2025-10-24T15:38:45","slug":"henry-hierro-batalla-contra-el-cancer-crean-campana-gofundme-para-cubrir-costos-de-su-tratamiento","status":"publish","type":"post","link":"https:\/\/laverdadpublica.com\/index.php\/2025\/10\/24\/henry-hierro-batalla-contra-el-cancer-crean-campana-gofundme-para-cubrir-costos-de-su-tratamiento\/","title":{"rendered":"Henry Hierro batalla contra el C\u00e1ncer; Crean campa\u00f1a GoFundMe para cubrir costos de su tratamiento"},"content":{"rendered":"<p style=\"text-align: justify;\">NEW YORK.- El delicado estado de salud del merenguero Henry Hierro ha sido revelado con mayor detalle a trav\u00e9s de la plataforma de recaudaci\u00f3n de fondos \u00abGoFundMe\u00bb, donde su hija, Luc\u00eda Hierro, confirm\u00f3 que el artista est\u00e1 batallando contra el c\u00e1ncer y ha comenzado a recibir quimioterapia.<\/p>\n<p style=\"text-align: justify;\">La noticia se suma a un a\u00f1o de profundo dolor para la familia. Luc\u00eda Hierro comparti\u00f3 un emotivo y desgarrador mensaje en la p\u00e1gina de la campa\u00f1a, revelando que el diagn\u00f3stico de su padre llega menos de un a\u00f1o despu\u00e9s de haber perdido a su madre en noviembre de 2023, tras una <em>\u00ablarga y valiente batalla contra el c\u00e1ncer\u00bb.<\/em><\/p>\n<blockquote>\n<p style=\"text-align: center;\"><em>\u00abEl a\u00f1o pasado ha sido uno de los m\u00e1s dif\u00edciles de mi vida, escribi\u00f3 Lucia. \u00abAhora, menos de un a\u00f1o despu\u00e9s, mi padre ha sido diagnosticado y ha comenzado la quimioterapia\u00bb<\/em><\/p>\n<\/blockquote>\n<p style=\"text-align: justify;\">La joven detall\u00f3 la inmensa carga que supone el rol de cuidadora, que exige un sacrificio emocional, f\u00edsica y financieramente\u00bb. Aunque est\u00e1 haciendo todo lo posible por equilibrar el cuidado de su padre con sus responsabilidades diarias, Luc\u00eda subraya que los costos adicionales, que no cubre el seguro m\u00e9dico, se acumulan r\u00e1pidamente. Para donar, puedes entrar al enlace:<a href=\"https:\/\/gofund.me\/5b8d4c33a\"> https:\/\/gofund.me\/5b8d4c33a<\/a><\/p>\n<p style=\"text-align: justify;\">\u00abEstos fondos se destinar\u00e1n a los gastos de la vida diaria, el transporte hacia y desde el tratamiento, las comidas y otras necesidades que hacen que este proceso sea un poco m\u00e1s f\u00e1cil y me permiten concentrarme en estar ah\u00ed para mi padre, explic\u00f3 en el Ilamado a la solidaridad. La familia Hierro, que previamente hab\u00eda solicitado respeto a su privacidad, ahora se abre para pedir apoyo:<\/p>\n<blockquote>\n<p style=\"text-align: center;\">\u00abMi familia siempre se ha enfrentado a los desaf\u00edos de la vida juntos, y estoy aprendiendo a pedir ayuda cuando la necesito. Cualquier contribuci\u00f3n, sin importar el tama\u00f1o, marcar\u00e1 una diferencia significativa y nos ayudar\u00e1 a superar este momento dif\u00edcil<em>\u00bb<\/em><\/p>\n<\/blockquote>\n<p>Cooncluy\u00f3 Luc\u00eda, agradeciendo de antemano la <em>\u00abgenerosidad, amabilidad y por mantenernos en sus pensamientos. <\/em><em>Henry Hierro, figura emblem\u00e1tica del merengue, se encuentra actualmente estable y en buen estado de \u00e1nimo\u00bb,<\/em> bajo el cuidado de un equipo m\u00e9dico.<\/p>\n<p>Fuente: J<em>oselodice<\/em><\/p>\n","protected":false},"excerpt":{"rendered":"<p>NEW YORK.- El delicado estado de salud del merenguero Henry Hierro ha sido revelado con<\/p>\n","protected":false},"author":1,"featured_media":51285,"comment_status":"open","ping_status":"open","sticky":false,"template":"","format":"standard","meta":{"footnotes":""},"categories":[249],"tags":[],"class_list":["post-51284","post","type-post","status-publish","format-standard","has-post-thumbnail","hentry","category-farandula"],"_links":{"self":[{"href":"https:\/\/laverdadpublica.com\/index.php\/wp-json\/wp\/v2\/posts\/51284","targetHints":{"allow":["GET"]}}],"collection":[{"href":"https:\/\/laverdadpublica.com\/index.php\/wp-json\/wp\/v2\/posts"}],"about":[{"href":"https:\/\/laverdadpublica.com\/index.php\/wp-json\/wp\/v2\/types\/post"}],"author":[{"embeddable":true,"href":"https:\/\/laverdadpublica.com\/index.php\/wp-json\/wp\/v2\/users\/1"}],"replies":[{"embeddable":true,"href":"https:\/\/laverdadpublica.com\/index.php\/wp-json\/wp\/v2\/comments?post=51284"}],"version-history":[{"count":1,"href":"https:\/\/laverdadpublica.com\/index.php\/wp-json\/wp\/v2\/posts\/51284\/revisions"}],"predecessor-version":[{"id":51286,"href":"https:\/\/laverdadpublica.com\/index.php\/wp-json\/wp\/v2\/posts\/51284\/revisions\/51286"}],"wp:featuredmedia":[{"embeddable":true,"href":"https:\/\/laverdadpublica.com\/index.php\/wp-json\/wp\/v2\/media\/51285"}],"wp:attachment":[{"href":"https:\/\/laverdadpublica.com\/index.php\/wp-json\/wp\/v2\/media?parent=51284"}],"wp:term":[{"taxonomy":"category","embeddable":true,"href":"https:\/\/laverdadpublica.com\/index.php\/wp-json\/wp\/v2\/categories?post=51284"},{"taxonomy":"post_tag","embeddable":true,"href":"https:\/\/laverdadpublica.com\/index.php\/wp-json\/wp\/v2\/tags?post=51284"}],"curies":[{"name":"wp","href":"https:\/\/api.w.org\/{rel}","templated":true}]}}