{"id":51435,"date":"2025-10-25T20:11:40","date_gmt":"2025-10-25T20:11:40","guid":{"rendered":"https:\/\/laverdadpublica.com\/?p=51435"},"modified":"2025-10-26T00:17:13","modified_gmt":"2025-10-26T00:17:13","slug":"viceministra-scarlet-benzan-realiza-recorrido-en-sectores-afectados-de-santo-domingo-oeste-junto-a-autoridades-municipales-y-comunitarias","status":"publish","type":"post","link":"https:\/\/laverdadpublica.com\/index.php\/2025\/10\/25\/viceministra-scarlet-benzan-realiza-recorrido-en-sectores-afectados-de-santo-domingo-oeste-junto-a-autoridades-municipales-y-comunitarias\/","title":{"rendered":"Viceministra Scarlet Benz\u00e1n realiza recorrido en sectores afectados de Santo Domingo Oeste junto a autoridades municipales y comunitarias"},"content":{"rendered":"<p style=\"text-align: justify;\"><strong>Santo Domingo Oeste, R.D.<\/strong> \u2014 La ma\u00f1ana de este s\u00e1bado, la viceministra <strong>Scarlet Benz\u00e1n, <\/strong>del Ministerio de la Presidencia, encabez\u00f3 un amplio recorrido por distintos sectores del municipio Santo Domingo Oeste, espec\u00edficamente en <strong>Tanque Azul<\/strong> y <strong>El Brugal,<\/strong> donde llev\u00f3 asistencia a las familias afectadas por los efectos de la tormenta tropical <em>Melissa.<\/em><\/p>\n<p style=\"text-align: justify;\">Acompa\u00f1ada del alcalde <strong>Francisco Pe\u00f1a,<\/strong> el diputado <strong>F\u00e9lix Encarnaci\u00f3n,<\/strong> el dirigente pol\u00edtico y comunitario <strong>Deiby Torres,<\/strong> y un equipo de trabajo del Viceministerio, la funcionaria supervis\u00f3 las zonas m\u00e1s vulnerables y entreg\u00f3 ayudas directas a los residentes que resultaron con mayores da\u00f1os.<\/p>\n<p style=\"text-align: justify;\">Durante la jornada se distribuyeron <em>colchones, raciones alimenticias, medicamentos<\/em>, as\u00ed como equipos pesados y palas mec\u00e1nicas destinados a la limpieza de ca\u00f1adas y drenajes, con el prop\u00f3sito de prevenir nuevas inundaciones.<\/p>\n<p style=\"text-align: justify;\">La viceministra Benz\u00e1n expres\u00f3 que el objetivo principal de este operativo es <em>brindar apoyo inmediato y soluciones concretas <\/em>a las familias de Santo Domingo Oeste, resaltando el compromiso del Gobierno dominicano con las comunidades m\u00e1s afectadas por los fen\u00f3menos atmosf\u00e9ricos.<\/p>\n<p style=\"text-align: justify;\">El diputado F<strong>\u00e9lix Encarnaci\u00f3n <\/strong>y el alcalde <strong>Francisco Pe\u00f1a<\/strong> destacaron la labor conjunta entre el Gobierno central y el ayuntamiento, asegurando que los trabajos de limpieza y recuperaci\u00f3n continuar\u00e1n en los pr\u00f3ximos d\u00edas, hasta devolver la normalidad a cada sector.<\/p>\n<p style=\"text-align: justify;\">Por su parte, el dirigente comunitario <strong>Deiby Torres<\/strong> agradeci\u00f3 la r\u00e1pida intervenci\u00f3n de las autoridades, valorando su presencia en el terreno como una muestra de <em>sensibilidad y compromiso<\/em> con las necesidades de la gente.<\/p>\n<p style=\"text-align: justify;\">El recorrido abarc\u00f3 diferentes puntos cr\u00edticos donde se realizaron <em>levantamientos t\u00e9cnicos y<\/em> se escucharon las principales demandas de los moradores, quienes recibieron con entusiasmo la visita de las autoridades.<\/p>\n<p>Fuente: Vice. Pol\u00edticas Sociales MIMPRE<\/p>\n","protected":false},"excerpt":{"rendered":"<p>Santo Domingo Oeste, R.D. \u2014 La ma\u00f1ana de este s\u00e1bado, la viceministra Scarlet Benz\u00e1n, del<\/p>\n","protected":false},"author":1,"featured_media":51436,"comment_status":"open","ping_status":"open","sticky":false,"template":"","format":"standard","meta":{"footnotes":""},"categories":[7],"tags":[],"class_list":["post-51435","post","type-post","status-publish","format-standard","has-post-thumbnail","hentry","category-nacionales"],"_links":{"self":[{"href":"https:\/\/laverdadpublica.com\/index.php\/wp-json\/wp\/v2\/posts\/51435","targetHints":{"allow":["GET"]}}],"collection":[{"href":"https:\/\/laverdadpublica.com\/index.php\/wp-json\/wp\/v2\/posts"}],"about":[{"href":"https:\/\/laverdadpublica.com\/index.php\/wp-json\/wp\/v2\/types\/post"}],"author":[{"embeddable":true,"href":"https:\/\/laverdadpublica.com\/index.php\/wp-json\/wp\/v2\/users\/1"}],"replies":[{"embeddable":true,"href":"https:\/\/laverdadpublica.com\/index.php\/wp-json\/wp\/v2\/comments?post=51435"}],"version-history":[{"count":1,"href":"https:\/\/laverdadpublica.com\/index.php\/wp-json\/wp\/v2\/posts\/51435\/revisions"}],"predecessor-version":[{"id":51437,"href":"https:\/\/laverdadpublica.com\/index.php\/wp-json\/wp\/v2\/posts\/51435\/revisions\/51437"}],"wp:featuredmedia":[{"embeddable":true,"href":"https:\/\/laverdadpublica.com\/index.php\/wp-json\/wp\/v2\/media\/51436"}],"wp:attachment":[{"href":"https:\/\/laverdadpublica.com\/index.php\/wp-json\/wp\/v2\/media?parent=51435"}],"wp:term":[{"taxonomy":"category","embeddable":true,"href":"https:\/\/laverdadpublica.com\/index.php\/wp-json\/wp\/v2\/categories?post=51435"},{"taxonomy":"post_tag","embeddable":true,"href":"https:\/\/laverdadpublica.com\/index.php\/wp-json\/wp\/v2\/tags?post=51435"}],"curies":[{"name":"wp","href":"https:\/\/api.w.org\/{rel}","templated":true}]}}