{"id":51486,"date":"2025-10-26T09:08:30","date_gmt":"2025-10-26T09:08:30","guid":{"rendered":"https:\/\/laverdadpublica.com\/?p=51486"},"modified":"2025-10-26T22:09:50","modified_gmt":"2025-10-26T22:09:50","slug":"ejercito-detiene-indocumentados-en-furgon-tipo-patana-en-san-juan-de-la-maguana","status":"publish","type":"post","link":"https:\/\/laverdadpublica.com\/index.php\/2025\/10\/26\/ejercito-detiene-indocumentados-en-furgon-tipo-patana-en-san-juan-de-la-maguana\/","title":{"rendered":"Ej\u00e9rcito detiene indocumentados en furg\u00f3n tipo patana en San Juan de la Maguana"},"content":{"rendered":"<p>Por F\u00e9lix Rubio<\/p>\n<blockquote>\n<p style=\"text-align: center;\">El conductor fue detenido y ser\u00e1 puesto a disposici\u00f3n del Ministerio P\u00fablico.<\/p>\n<\/blockquote>\n<p style=\"text-align: justify;\"><strong>San Juan de la Maguana, R.D. \u2013<\/strong> Miembros del Ej\u00e9rcito de Rep\u00fablica Dominicana (ERD) detuvieron a un hombre que transportaba a cinco nacionales haitianos en condici\u00f3n migratoria irregular en un cami\u00f3n tipo patana, durante un operativo realizado en el tramo carretero Las Matas de Farf\u00e1n \u2013Pedro Corto, de la provincia San Juan de la Maguana.<\/p>\n<p style=\"text-align: justify;\">Durante la inspecci\u00f3n, la patrulla del ERD descubri\u00f3 que el conductor trasladaba a cuatro (4) hombres encima del furg\u00f3n y una (1) mujer oculta dentro de la cabina del cami\u00f3n.<\/p>\n<p style=\"text-align: justify;\">El conductor detenido fue identificado como William Ney Matos Novas, quien viajaba en el cami\u00f3n marca Freightliner, color blanco y mamey, placa L327777, con un furg\u00f3n de color azul.<\/p>\n<p style=\"text-align: justify;\">El conductor detenido, el veh\u00edculo ocupado y los extranjeros indocumentados, fueron trasladados bajo custodia a la Fortaleza General Pedro Florentino del ERD, en el municipio de Las Matas de Farf\u00e1n, para los fines correspondientes.<\/p>\n<p>Fuente: Ej\u00e9rcito de Rep\u00fablica Dominicana<\/p>\n","protected":false},"excerpt":{"rendered":"<p>Por F\u00e9lix Rubio El conductor fue detenido y ser\u00e1 puesto a disposici\u00f3n del Ministerio P\u00fablico.<\/p>\n","protected":false},"author":1,"featured_media":51487,"comment_status":"open","ping_status":"open","sticky":false,"template":"","format":"standard","meta":{"footnotes":""},"categories":[7],"tags":[],"class_list":["post-51486","post","type-post","status-publish","format-standard","has-post-thumbnail","hentry","category-nacionales"],"_links":{"self":[{"href":"https:\/\/laverdadpublica.com\/index.php\/wp-json\/wp\/v2\/posts\/51486","targetHints":{"allow":["GET"]}}],"collection":[{"href":"https:\/\/laverdadpublica.com\/index.php\/wp-json\/wp\/v2\/posts"}],"about":[{"href":"https:\/\/laverdadpublica.com\/index.php\/wp-json\/wp\/v2\/types\/post"}],"author":[{"embeddable":true,"href":"https:\/\/laverdadpublica.com\/index.php\/wp-json\/wp\/v2\/users\/1"}],"replies":[{"embeddable":true,"href":"https:\/\/laverdadpublica.com\/index.php\/wp-json\/wp\/v2\/comments?post=51486"}],"version-history":[{"count":1,"href":"https:\/\/laverdadpublica.com\/index.php\/wp-json\/wp\/v2\/posts\/51486\/revisions"}],"predecessor-version":[{"id":51488,"href":"https:\/\/laverdadpublica.com\/index.php\/wp-json\/wp\/v2\/posts\/51486\/revisions\/51488"}],"wp:featuredmedia":[{"embeddable":true,"href":"https:\/\/laverdadpublica.com\/index.php\/wp-json\/wp\/v2\/media\/51487"}],"wp:attachment":[{"href":"https:\/\/laverdadpublica.com\/index.php\/wp-json\/wp\/v2\/media?parent=51486"}],"wp:term":[{"taxonomy":"category","embeddable":true,"href":"https:\/\/laverdadpublica.com\/index.php\/wp-json\/wp\/v2\/categories?post=51486"},{"taxonomy":"post_tag","embeddable":true,"href":"https:\/\/laverdadpublica.com\/index.php\/wp-json\/wp\/v2\/tags?post=51486"}],"curies":[{"name":"wp","href":"https:\/\/api.w.org\/{rel}","templated":true}]}}