{"id":51532,"date":"2025-10-26T20:00:34","date_gmt":"2025-10-26T20:00:34","guid":{"rendered":"https:\/\/laverdadpublica.com\/?p=51532"},"modified":"2025-10-26T23:29:56","modified_gmt":"2025-10-26T23:29:56","slug":"llaman-al-gobierno-dominicano-mantener-apoyo-al-cese-del-bloqueo-contra-cuba-en-la-onu","status":"publish","type":"post","link":"https:\/\/laverdadpublica.com\/index.php\/2025\/10\/26\/llaman-al-gobierno-dominicano-mantener-apoyo-al-cese-del-bloqueo-contra-cuba-en-la-onu\/","title":{"rendered":"Llaman al gobierno dominicano mantener apoyo al cese del bloqueo contra Cuba en la ONU"},"content":{"rendered":"<p style=\"text-align: justify;\"><strong>Santo Domingo, R.D.<\/strong> \u2013 La confederaci\u00f3n sindical Uni\u00f3n Clasista de Trabajadores hizo un llamado al presidente Luis Abinader para que reitere el apoyo de Rep\u00fablica Dominicana a la demanda de terminar con el bloqueo econ\u00f3mico, comercial y financiero impuesto por el gobierno de los Estados Unidos contra la Rep\u00fablica de Cuba que, en violaci\u00f3n a la Carta de las Naciones Unidas, fue impuesto desde el a\u00f1o 1962.<\/p>\n<blockquote>\n<p style=\"text-align: center;\">\u201cRep\u00fablica Dominicana debe reiterar su voto en contra del Bloqueo de los Estados Unidos de Norteam\u00e9rica a la hermana Rep\u00fablica de Cuba, que durante 63 a\u00f1os le ha ocasionado graves da\u00f1os a la poblaci\u00f3n cubana e impide alcanzar las metas del desarrollo sostenible.\u201d manifest\u00f3 Juan N\u00fa\u00f1ez secretario general de la Uni\u00f3n Clasista de Trabajadores.<\/p>\n<\/blockquote>\n<p style=\"text-align: justify;\">Asimismo dijo <em>\u201cLa Rep\u00fablica de Cuba, y su pueblo, ha enfrentado y padecido de la principal potencia del mundo un bloqueo econ\u00f3mico, comercial y financiero durante 62 a\u00f1os, con un alto costo para su desarrollo econ\u00f3mico y social, que le impide la compra de: medicinas, equipos m\u00e9dicos, alimentos, materia prima, maquinarias e intercambio comercial y financieros con terceros pa\u00edses que temen ser sancionados por los Estados Unidos de Norteam\u00e9rica.\u201d\u00a0\u00a0<\/em><\/p>\n<p style=\"text-align: justify;\">La Uni\u00f3n Clasista de Trabajadores ratifica su apoyo a los trabajadores, pueblo y gobierno cubanos en su justa lucha de cese del bloqueo, y su determinaci\u00f3n de construir su pa\u00eds independiente y soberano, <em>\u201cesperamos que el gobierno dominicano, en atenci\u00f3n a nuestra Constituci\u00f3n y la Carta de las Naciones Unidas, mantenga su voto de apoyo al cese del bloqueo a la hermana rep\u00fablica de Cuba\u201d,<\/em> concluy\u00f3 Juan N\u00fa\u00f1ez secretario general de la Uni\u00f3n Clasista de Trabajadores.<\/p>\n<p>Fuente: UTC<\/p>\n<p>&nbsp;<\/p>\n<p>&nbsp;<\/p>\n<p>&nbsp;<\/p>\n","protected":false},"excerpt":{"rendered":"<p>Santo Domingo, R.D. \u2013 La confederaci\u00f3n sindical Uni\u00f3n Clasista de Trabajadores hizo un llamado al<\/p>\n","protected":false},"author":1,"featured_media":51533,"comment_status":"open","ping_status":"open","sticky":false,"template":"","format":"standard","meta":{"footnotes":""},"categories":[7],"tags":[],"class_list":["post-51532","post","type-post","status-publish","format-standard","has-post-thumbnail","hentry","category-nacionales"],"_links":{"self":[{"href":"https:\/\/laverdadpublica.com\/index.php\/wp-json\/wp\/v2\/posts\/51532","targetHints":{"allow":["GET"]}}],"collection":[{"href":"https:\/\/laverdadpublica.com\/index.php\/wp-json\/wp\/v2\/posts"}],"about":[{"href":"https:\/\/laverdadpublica.com\/index.php\/wp-json\/wp\/v2\/types\/post"}],"author":[{"embeddable":true,"href":"https:\/\/laverdadpublica.com\/index.php\/wp-json\/wp\/v2\/users\/1"}],"replies":[{"embeddable":true,"href":"https:\/\/laverdadpublica.com\/index.php\/wp-json\/wp\/v2\/comments?post=51532"}],"version-history":[{"count":1,"href":"https:\/\/laverdadpublica.com\/index.php\/wp-json\/wp\/v2\/posts\/51532\/revisions"}],"predecessor-version":[{"id":51534,"href":"https:\/\/laverdadpublica.com\/index.php\/wp-json\/wp\/v2\/posts\/51532\/revisions\/51534"}],"wp:featuredmedia":[{"embeddable":true,"href":"https:\/\/laverdadpublica.com\/index.php\/wp-json\/wp\/v2\/media\/51533"}],"wp:attachment":[{"href":"https:\/\/laverdadpublica.com\/index.php\/wp-json\/wp\/v2\/media?parent=51532"}],"wp:term":[{"taxonomy":"category","embeddable":true,"href":"https:\/\/laverdadpublica.com\/index.php\/wp-json\/wp\/v2\/categories?post=51532"},{"taxonomy":"post_tag","embeddable":true,"href":"https:\/\/laverdadpublica.com\/index.php\/wp-json\/wp\/v2\/tags?post=51532"}],"curies":[{"name":"wp","href":"https:\/\/api.w.org\/{rel}","templated":true}]}}