{"id":52151,"date":"2025-12-09T11:57:31","date_gmt":"2025-12-09T11:57:31","guid":{"rendered":"https:\/\/laverdadpublica.com\/?p=52151"},"modified":"2025-12-10T21:58:19","modified_gmt":"2025-12-10T21:58:19","slug":"humor-historia-y-ficcion-dan-vida-al-multiverso-de-la-gonzalez","status":"publish","type":"post","link":"https:\/\/laverdadpublica.com\/index.php\/2025\/12\/09\/humor-historia-y-ficcion-dan-vida-al-multiverso-de-la-gonzalez\/","title":{"rendered":"Humor, historia y ficci\u00f3n dan vida al \u201cMultiverso de La Gonz\u00e1lez\u201d"},"content":{"rendered":"<p style=\"text-align: justify;\"><strong>Santiago de los Caballeros, RD.<\/strong> El humor se uni\u00f3 con la historia y la ficci\u00f3n para dar paso a un gran espect\u00e1culo inmersivo presentado por la actriz y humorista Yamilet Gonz\u00e1lez, popularmente conocida como \u00abLa Gonz\u00e1lez\u00bb, en la sala principal del Gran Teatro del Cibao.<\/p>\n<p style=\"text-align: justify;\">\u201cEl Multiverso de La Gonz\u00e1lez\u201d fue una propuesta esc\u00e9nica que redefini\u00f3 la manera de vivir el humor, a trav\u00e9s de una \u00f3ptica diferente y atrevida, donde se abren varios portales en el universo.<\/p>\n<p style=\"text-align: justify;\">Bajo la producci\u00f3n general de Enmanuel Flores, y la direcci\u00f3n art\u00edstica de Jozze Antonio S\u00e1nchez, el show result\u00f3 un viaje c\u00f3mico y emocional con los personajes m\u00e1s ic\u00f3nicos de La Gonz\u00e1lez tales como Javiei, Gladys, La Turula, Br\u00edgida P\u00e9rez, Ana Gertrutis, entre otro, los cuales salieron totalmente de su zona de confort, convirti\u00e9ndolos en actores para dar vida a esta obra de teatro que une el espect\u00e1culo, el humor y el trasfondo emocional de las situaciones.<\/p>\n<p style=\"text-align: justify;\">Estos personajes se encargaron de dar vida a situaciones disparatadas, hilarantes y profundas, junto a invitados como Mar\u00eda Ang\u00e9lica Ure\u00f1a, Juan Esteban, Jatnna Marte, Grismaldy Gonz\u00e1lez y La Faisa, as\u00ed como con un cuerpo de bailarines, pantallas gigantes y efectos especiales para armonizar y complementar la propuesta que, adem\u00e1s, cont\u00f3 con la coreograf\u00eda de Erick Roque, vestuario Jonathan Klembert y Minerva Placencia, y visuales de Mr. Lulo, Derly Payano y Enos.<\/p>\n<p style=\"text-align: justify;\">Los seguidores de la humorista que se dieron cita disfrutaron de las ocurrencias de este nuevo espect\u00e1culo que viene a resaltar la diversidad interpretativa y la calidad creativa de La Gonz\u00e1lez, quien ha logrado, en casa show, un encuentro con personalidad propia y distintivo del anterior, arrancando siempre carcajadas y aplausos de la audiencia.<\/p>\n<p style=\"text-align: justify;\">La Gonz\u00e1lez cuenta con una trayectoria de m\u00e1s de una d\u00e9cada, durante la cual ha creado y cultivado numerosos y populares personajes como Javiei\u201d, \u201cMaidalena\u201d, \u201cGladys\u201d, \u201cLa Turula\u201d, \u201cBr\u00edgida Brigette\u201d, \u201cLa doctora Ana Getrutis y Tere\u201d y \u201cLudelania\u201d cada uno con cualidades distintivas.<\/p>\n<p style=\"text-align: justify;\">La tambi\u00e9n influencer fue la ganadora de un Premio Soberano en el a\u00f1o 2024 por su espect\u00e1culo de humor<\/p>\n<blockquote>\n<p style=\"text-align: center;\">\u201cLa Gonz\u00e1lez es un show Full Edition\u201d. Adem\u00e1s, este 2026 se estrena en el cine tras filmar la pel\u00edcula \u00abDe Tal Palo\u00bb, durante este a\u00f1o.<\/p>\n<\/blockquote>\n<p>Fuente: Prod. La Gonz\u00e1lez<\/p>\n","protected":false},"excerpt":{"rendered":"<p>Santiago de los Caballeros, RD. El humor se uni\u00f3 con la historia y la ficci\u00f3n<\/p>\n","protected":false},"author":1,"featured_media":52153,"comment_status":"open","ping_status":"open","sticky":false,"template":"","format":"standard","meta":{"footnotes":""},"categories":[249],"tags":[],"class_list":["post-52151","post","type-post","status-publish","format-standard","has-post-thumbnail","hentry","category-farandula"],"_links":{"self":[{"href":"https:\/\/laverdadpublica.com\/index.php\/wp-json\/wp\/v2\/posts\/52151","targetHints":{"allow":["GET"]}}],"collection":[{"href":"https:\/\/laverdadpublica.com\/index.php\/wp-json\/wp\/v2\/posts"}],"about":[{"href":"https:\/\/laverdadpublica.com\/index.php\/wp-json\/wp\/v2\/types\/post"}],"author":[{"embeddable":true,"href":"https:\/\/laverdadpublica.com\/index.php\/wp-json\/wp\/v2\/users\/1"}],"replies":[{"embeddable":true,"href":"https:\/\/laverdadpublica.com\/index.php\/wp-json\/wp\/v2\/comments?post=52151"}],"version-history":[{"count":1,"href":"https:\/\/laverdadpublica.com\/index.php\/wp-json\/wp\/v2\/posts\/52151\/revisions"}],"predecessor-version":[{"id":52154,"href":"https:\/\/laverdadpublica.com\/index.php\/wp-json\/wp\/v2\/posts\/52151\/revisions\/52154"}],"wp:featuredmedia":[{"embeddable":true,"href":"https:\/\/laverdadpublica.com\/index.php\/wp-json\/wp\/v2\/media\/52153"}],"wp:attachment":[{"href":"https:\/\/laverdadpublica.com\/index.php\/wp-json\/wp\/v2\/media?parent=52151"}],"wp:term":[{"taxonomy":"category","embeddable":true,"href":"https:\/\/laverdadpublica.com\/index.php\/wp-json\/wp\/v2\/categories?post=52151"},{"taxonomy":"post_tag","embeddable":true,"href":"https:\/\/laverdadpublica.com\/index.php\/wp-json\/wp\/v2\/tags?post=52151"}],"curies":[{"name":"wp","href":"https:\/\/api.w.org\/{rel}","templated":true}]}}