{"id":52282,"date":"2025-12-11T11:45:43","date_gmt":"2025-12-11T11:45:43","guid":{"rendered":"https:\/\/laverdadpublica.com\/?p=52282"},"modified":"2025-12-11T21:51:39","modified_gmt":"2025-12-11T21:51:39","slug":"54-mil-familias-impactadas-en-112-jornadas-sociales-de-la-junta-de-retiro-de-las-fuerzas-armadas","status":"publish","type":"post","link":"https:\/\/laverdadpublica.com\/index.php\/2025\/12\/11\/54-mil-familias-impactadas-en-112-jornadas-sociales-de-la-junta-de-retiro-de-las-fuerzas-armadas\/","title":{"rendered":"54 mil familias impactadas en 112 jornadas sociales de la Junta de Retiro de las Fuerzas Armadas.\u00a0"},"content":{"rendered":"<p style=\"text-align: justify;\">Santo Domingo, R.D. \u2013 Hay jornadas que no solo entregan asistencia: tambi\u00e9n devuelven aire, alivio y la sensaci\u00f3n de que alguien se acord\u00f3 de ti. Eso es lo que ha significado para miles de dominicanos el programa social que, entre agosto de 2024 y agosto de 2025, la Junta de Retiro y Fondo de Pensiones de las Fuerzas Armadas (JRFPFFAA) ha ejecutado bajo la direcci\u00f3n del general de brigada Pablo Roberto Jim\u00e9nez S\u00e1nchez y en l\u00ednea con la visi\u00f3n de cercan\u00eda del Ministro de Defensa, el teniente general Carlos Antonio Fern\u00e1ndez Onofre.<\/p>\n<p style=\"text-align: justify;\">En ese per\u00edodo, la instituci\u00f3n realiz\u00f3 112 jornadas sociales, tocando las puertas de m\u00e1s de 9,300 familias militares retiradas, viudas y tutores, y 54,000 familias civiles en distintas comunidades del pa\u00eds. M\u00e1s que n\u00fameros, fueron encuentros con historias reales, con necesidades que recibieron soluciones y con rostros que agradecen ser escuchados.<\/p>\n<p style=\"text-align: justify;\">Los operativos incluyeron la entrega de alimentos, medicamentos, electrodom\u00e9sticos, equipos m\u00e9dicos, ajuares para el hogar y orientaci\u00f3n sobre los distintos programas institucionales. Pero, como suele ocurrir cuando la asistencia es acompa\u00f1ada de humanidad, fueron los gestos \u2014y no los objetos\u2014 los que dejaron la huella m\u00e1s profunda.<\/p>\n<blockquote>\n<p style=\"text-align: center;\">\u201cNo solo es que vinieron a ayudarnos, es que se sentaron conmigo a preguntarme c\u00f3mo estaba y que necesito\u2026 a veces eso vale m\u00e1s que cualquier cosa\u201d, cont\u00f3 Carmen V\u00e1squez, viuda de un veterano militar en Monte Plata, mientras sosten\u00eda la funda de medicamentos que recibi\u00f3 durante el operativo.<\/p>\n<\/blockquote>\n<p style=\"text-align: justify;\">En San Juan de la Maguana, el pensionado Jos\u00e9 Ram\u00edrez relat\u00f3 algo similar:<\/p>\n<blockquote>\n<p style=\"text-align: center;\">\u201cYo necesitaba un equipo m\u00e9dico que no pod\u00eda comprar. Me lo entregaron, me explicaron c\u00f3mo usarlo y me orientaron sobre otros programas. Para m\u00ed, eso es un alivio que no tiene precio\u201d.<\/p>\n<\/blockquote>\n<p style=\"text-align: justify;\">Este tipo de testimonios, repetidos una y otra vez en comunidades rurales, barrios del Gran Santo Domingo y provincias fronterizas, muestran que la gesti\u00f3n social de la Junta de Retiro ha cruzado la barrera de lo burocr\u00e1tico para convertirse en acompa\u00f1amiento real. Cada entrega, cada conversaci\u00f3n y cada visita evidencian una l\u00ednea clara de trabajo: acercar el Estado a la gente, especialmente a quienes sirvieron por d\u00e9cadas al pa\u00eds.<\/p>\n<p style=\"text-align: justify;\">Bajo el liderazgo del general Pablo Roberto Jim\u00e9nez S\u00e1nchez, la instituci\u00f3n ha logrado consolidar una presencia territorial constante, con jornadas que no solo suplen necesidades inmediatas, sino que fortalecen la confianza entre la ciudadan\u00eda y las Fuerzas Armadas, integrando a las comunidades civiles en un ejercicio de cooperaci\u00f3n y apoyo mutuo.<\/p>\n<p style=\"text-align: justify;\">Los resultados de este a\u00f1o \u201454,300 familias impactadas\u2014 demuestran que el compromiso con los veteranos y con las comunidades vulnerables se construye con acciones, no con discursos. Y son, al mismo tiempo, un recordatorio de que la gratitud tambi\u00e9n se expresa llevando esperanza a un barrio lejano, tocando la puerta de una viuda o escuchando a un pensionado contar su historia.<\/p>\n<p>Fuente: Mario Antonio Lara Valdez<\/p>\n","protected":false},"excerpt":{"rendered":"<p>Santo Domingo, R.D. \u2013 Hay jornadas que no solo entregan asistencia: tambi\u00e9n devuelven aire, alivio<\/p>\n","protected":false},"author":1,"featured_media":52283,"comment_status":"open","ping_status":"open","sticky":false,"template":"","format":"standard","meta":{"footnotes":""},"categories":[7],"tags":[],"class_list":["post-52282","post","type-post","status-publish","format-standard","has-post-thumbnail","hentry","category-nacionales"],"_links":{"self":[{"href":"https:\/\/laverdadpublica.com\/index.php\/wp-json\/wp\/v2\/posts\/52282","targetHints":{"allow":["GET"]}}],"collection":[{"href":"https:\/\/laverdadpublica.com\/index.php\/wp-json\/wp\/v2\/posts"}],"about":[{"href":"https:\/\/laverdadpublica.com\/index.php\/wp-json\/wp\/v2\/types\/post"}],"author":[{"embeddable":true,"href":"https:\/\/laverdadpublica.com\/index.php\/wp-json\/wp\/v2\/users\/1"}],"replies":[{"embeddable":true,"href":"https:\/\/laverdadpublica.com\/index.php\/wp-json\/wp\/v2\/comments?post=52282"}],"version-history":[{"count":1,"href":"https:\/\/laverdadpublica.com\/index.php\/wp-json\/wp\/v2\/posts\/52282\/revisions"}],"predecessor-version":[{"id":52284,"href":"https:\/\/laverdadpublica.com\/index.php\/wp-json\/wp\/v2\/posts\/52282\/revisions\/52284"}],"wp:featuredmedia":[{"embeddable":true,"href":"https:\/\/laverdadpublica.com\/index.php\/wp-json\/wp\/v2\/media\/52283"}],"wp:attachment":[{"href":"https:\/\/laverdadpublica.com\/index.php\/wp-json\/wp\/v2\/media?parent=52282"}],"wp:term":[{"taxonomy":"category","embeddable":true,"href":"https:\/\/laverdadpublica.com\/index.php\/wp-json\/wp\/v2\/categories?post=52282"},{"taxonomy":"post_tag","embeddable":true,"href":"https:\/\/laverdadpublica.com\/index.php\/wp-json\/wp\/v2\/tags?post=52282"}],"curies":[{"name":"wp","href":"https:\/\/api.w.org\/{rel}","templated":true}]}}