{"id":52383,"date":"2025-12-13T20:06:36","date_gmt":"2025-12-13T20:06:36","guid":{"rendered":"https:\/\/laverdadpublica.com\/?p=52383"},"modified":"2025-12-14T02:09:03","modified_gmt":"2025-12-14T02:09:03","slug":"navidad-en-familia-un-evento-producido-por-la-comunicadora-nhayide-mejia","status":"publish","type":"post","link":"https:\/\/laverdadpublica.com\/index.php\/2025\/12\/13\/navidad-en-familia-un-evento-producido-por-la-comunicadora-nhayide-mejia\/","title":{"rendered":"Navidad en Familia, un evento producido por la comunicadora; Nhayide Mejia"},"content":{"rendered":"<blockquote>\n<p style=\"text-align: center;\">Este espacio fue realizado en la Plaza Colina Centro, con un enfoque de transformaci\u00f3n familiar y en apoyo a los emprendimientos en SDN, en su quinta edici\u00f3n.<\/p>\n<\/blockquote>\n<p style=\"text-align: justify;\"><strong>Santo Domingo, RD-<\/strong> El pasado 29 de noviembre, la Plaza Colina Centro se convirti\u00f3 en el escenario perfecto para celebrar la magia de la Navidad con el evento \u201cNavidad en Familia\u201d, una jornada que reuni\u00f3 alegr\u00eda, solidaridad y talento bajo la producci\u00f3n de la comunicadora Nhayide Mej\u00eda, CEO de Grupo Aper y creadora del espacio Juntos en Familia Podcast.<\/p>\n<p style=\"text-align: justify;\">Entre los Momentos destacados del evento:<\/p>\n<p style=\"text-align: justify;\">-Invitados especiales que compartieron mensajes de uni\u00f3n y esperanza.<\/p>\n<p style=\"text-align: justify;\">\u00a0-Stands de emprendimientos familiares, donde se exhibieron productos locales y se impuls\u00f3 el talento de la comunidad.<\/p>\n<p style=\"text-align: justify;\">-Presentaciones art\u00edsticas que llenaron de m\u00fasica, danza y color la plaza.<\/p>\n<p style=\"text-align: justify;\">-Donaci\u00f3n de juguetes y regalos, llevando sonrisas a ni\u00f1os en situaci\u00f3n vulnerable.<\/p>\n<p style=\"text-align: justify;\">La comunicadora Nhayide Mej\u00eda, expres\u00f3 su agradecimiento a todas las familias que participaron en la actividad, resaltando el apoyo al talento art\u00edstico de la Rep\u00fablica Dominicana.<\/p>\n<p style=\"text-align: justify;\">Durante la jornada se presentaron varias agrupaciones art\u00edsticas, como la agrupaci\u00f3n; Corito Chichigua, Fundamolfa, Academia Aida Guzm\u00e1n, Academia Beyamira, Academia Dance ADS y Academia Sabor Latino, quienes llenaron de alegr\u00eda a los presentes con m\u00fasica y bailes navide\u00f1os, promoviendo valores de uni\u00f3n y celebraci\u00f3n en esta temporada.<\/p>\n<blockquote>\n<p style=\"text-align: justify;\">\u00abAdem\u00e1s, se cont\u00f3 con una intervenci\u00f3n especial de la coach y estratega de bienestar Mar\u00eda Luis, junto al psic\u00f3logo cl\u00ednico Carlos Peralta, quienes enriquecieron la din\u00e1mica del contenido del programa y lograron una conexi\u00f3n significativa con el p\u00fablico.\u00bb<\/p>\n<\/blockquote>\n<p style=\"text-align: justify;\">El evento se consolid\u00f3 como un espacio para fortalecer los lazos familiares y comunitarios, promoviendo valores de solidaridad y apoyo mutuo en esta temporada navide\u00f1a. Con una producci\u00f3n impecable y un ambiente festivo, \u201cNavidad en Familia\u201d reafirm\u00f3 que la uni\u00f3n es el mejor regalo que podemos compartir.<\/p>\n<p>Fuente: Grupo Aper\/Redacci\u00f3n<\/p>\n<p>&nbsp;<\/p>\n<p>&nbsp;<\/p>\n<p>&nbsp;<\/p>\n<p>&nbsp;<\/p>\n<p>&nbsp;<\/p>\n<p>&nbsp;<\/p>\n<p>&nbsp;<\/p>\n<p>&nbsp;<\/p>\n<p>&nbsp;<\/p>\n","protected":false},"excerpt":{"rendered":"<p>Este espacio fue realizado en la Plaza Colina Centro, con un enfoque de transformaci\u00f3n familiar<\/p>\n","protected":false},"author":1,"featured_media":52384,"comment_status":"open","ping_status":"open","sticky":false,"template":"","format":"standard","meta":{"footnotes":""},"categories":[255],"tags":[],"class_list":["post-52383","post","type-post","status-publish","format-standard","has-post-thumbnail","hentry","category-comunicacion"],"_links":{"self":[{"href":"https:\/\/laverdadpublica.com\/index.php\/wp-json\/wp\/v2\/posts\/52383","targetHints":{"allow":["GET"]}}],"collection":[{"href":"https:\/\/laverdadpublica.com\/index.php\/wp-json\/wp\/v2\/posts"}],"about":[{"href":"https:\/\/laverdadpublica.com\/index.php\/wp-json\/wp\/v2\/types\/post"}],"author":[{"embeddable":true,"href":"https:\/\/laverdadpublica.com\/index.php\/wp-json\/wp\/v2\/users\/1"}],"replies":[{"embeddable":true,"href":"https:\/\/laverdadpublica.com\/index.php\/wp-json\/wp\/v2\/comments?post=52383"}],"version-history":[{"count":1,"href":"https:\/\/laverdadpublica.com\/index.php\/wp-json\/wp\/v2\/posts\/52383\/revisions"}],"predecessor-version":[{"id":52385,"href":"https:\/\/laverdadpublica.com\/index.php\/wp-json\/wp\/v2\/posts\/52383\/revisions\/52385"}],"wp:featuredmedia":[{"embeddable":true,"href":"https:\/\/laverdadpublica.com\/index.php\/wp-json\/wp\/v2\/media\/52384"}],"wp:attachment":[{"href":"https:\/\/laverdadpublica.com\/index.php\/wp-json\/wp\/v2\/media?parent=52383"}],"wp:term":[{"taxonomy":"category","embeddable":true,"href":"https:\/\/laverdadpublica.com\/index.php\/wp-json\/wp\/v2\/categories?post=52383"},{"taxonomy":"post_tag","embeddable":true,"href":"https:\/\/laverdadpublica.com\/index.php\/wp-json\/wp\/v2\/tags?post=52383"}],"curies":[{"name":"wp","href":"https:\/\/api.w.org\/{rel}","templated":true}]}}