{"id":52516,"date":"2025-12-17T13:57:50","date_gmt":"2025-12-17T13:57:50","guid":{"rendered":"https:\/\/laverdadpublica.com\/?p=52516"},"modified":"2025-12-18T14:02:44","modified_gmt":"2025-12-18T14:02:44","slug":"manpowergroup-y-unicda-se-unen-para-impulsar-la-empleabilidad-juvenil-en-republica-dominicana","status":"publish","type":"post","link":"https:\/\/laverdadpublica.com\/index.php\/2025\/12\/17\/manpowergroup-y-unicda-se-unen-para-impulsar-la-empleabilidad-juvenil-en-republica-dominicana\/","title":{"rendered":"ManpowerGroup y UNICDA se unen para impulsar la empleabilidad juvenil en Rep\u00fablica Dominicana"},"content":{"rendered":"<blockquote>\n<p style=\"text-align: center;\">El convenio firmado en Santo Domingo conecta la academia con el mercado laboral para ampliar las oportunidades de empleo juvenil.<\/p>\n<\/blockquote>\n<p style=\"text-align: justify;\"><strong>Santo Domingo.<\/strong> \u2014 Con el objetivo de abrir m\u00e1s puertas laborales para la juventud dominicana, ManpowerGroup Rep\u00fablica Dominicana y la Universidad Dom\u00ednico Americano (UNICDA) firmaron un acuerdo estrat\u00e9gico que conecta la academia con el mercado laboral y fortalece la formaci\u00f3n profesional de los j\u00f3venes.<\/p>\n<p style=\"text-align: justify;\">El convenio fue suscrito por Natalia V\u00e1squez Guzm\u00e1n, directora de pa\u00eds de ManpowerGroup, y Ram\u00f3n Antonio Sosa Alc\u00e1ntara, rector y director ejecutivo de UNICDA, durante un acto celebrado en Santo Domingo.<\/p>\n<p style=\"text-align: justify;\">V\u00e1squez Guzm\u00e1n destac\u00f3 que la alianza forma parte de la misi\u00f3n global de la organizaci\u00f3n de conectar talento con oportunidades de manera transparente y basada en datos.<\/p>\n<blockquote>\n<p style=\"text-align: center;\">\u201cEstamos construyendo un puente directo entre la academia y el mercado laboral, con el prop\u00f3sito de que m\u00e1s j\u00f3venes accedan a empleos de calidad\u201d, afirm\u00f3.<\/p>\n<\/blockquote>\n<p style=\"text-align: justify;\">Por su parte, el rector Sosa Alc\u00e1ntara consider\u00f3 que este acuerdo representa un avance importante para la comunidad acad\u00e9mica.<\/p>\n<blockquote>\n<p style=\"text-align: center;\">\u201cA trav\u00e9s de esta colaboraci\u00f3n nuestros estudiantes tendr\u00e1n acceso a experiencias pr\u00e1cticas, informaci\u00f3n relevante sobre el mercado y oportunidades reales de inserci\u00f3n laboral\u201d, indic\u00f3.<\/p>\n<\/blockquote>\n<p><strong>Acciones contempladas<\/strong><\/p>\n<p>El convenio establece una agenda conjunta que incluye:<\/p>\n<ul>\n<li>Acceso a estudios y an\u00e1lisis del mercado laboral, que permitir\u00e1n a UNICDA fortalecer la pertinencia de su oferta acad\u00e9mica.<\/li>\n<li>Publicaci\u00f3n prioritaria de vacantes y oportunidades laborales dirigidas a estudiantes y egresados.<\/li>\n<li>Conferencias y programas formativos impartidos por especialistas de ManpowerGroup en \u00e1reas como empleabilidad, liderazgo y transformaci\u00f3n digital.<\/li>\n<li>Campa\u00f1as de reclutamiento focalizadas en j\u00f3venes formados en la instituci\u00f3n.<\/li>\n<\/ul>\n<p><strong>Compromiso institucional<\/strong><\/p>\n<p style=\"text-align: justify;\">Ambas entidades reafirmaron durante la firma su compromiso con la igualdad de oportunidades, la no discriminaci\u00f3n y el desarrollo de entornos acad\u00e9micos y laborales que fortalezcan las capacidades de los j\u00f3venes dominicanos.<\/p>\n<p><strong>Sobre las instituciones<\/strong><\/p>\n<p style=\"text-align: justify;\">ManpowerGroup Rep\u00fablica Dominicana es l\u00edder global en soluciones de talento, con presencia en m\u00e1s de 75 pa\u00edses, y un enfoque basado en innovaci\u00f3n y an\u00e1lisis de datos para apoyar la empleabilidad.<\/p>\n<p style=\"text-align: justify;\">UNICDA es una instituci\u00f3n de educaci\u00f3n superior reconocida por su formaci\u00f3n biling\u00fce y su compromiso con el desarrollo integral de su comunidad estudiantil.<\/p>\n<p>Fuente: El Caribe<\/p>\n","protected":false},"excerpt":{"rendered":"<p>El convenio firmado en Santo Domingo conecta la academia con el mercado laboral para ampliar<\/p>\n","protected":false},"author":2,"featured_media":52517,"comment_status":"open","ping_status":"open","sticky":false,"template":"","format":"standard","meta":{"footnotes":""},"categories":[7],"tags":[],"class_list":["post-52516","post","type-post","status-publish","format-standard","has-post-thumbnail","hentry","category-nacionales"],"_links":{"self":[{"href":"https:\/\/laverdadpublica.com\/index.php\/wp-json\/wp\/v2\/posts\/52516","targetHints":{"allow":["GET"]}}],"collection":[{"href":"https:\/\/laverdadpublica.com\/index.php\/wp-json\/wp\/v2\/posts"}],"about":[{"href":"https:\/\/laverdadpublica.com\/index.php\/wp-json\/wp\/v2\/types\/post"}],"author":[{"embeddable":true,"href":"https:\/\/laverdadpublica.com\/index.php\/wp-json\/wp\/v2\/users\/2"}],"replies":[{"embeddable":true,"href":"https:\/\/laverdadpublica.com\/index.php\/wp-json\/wp\/v2\/comments?post=52516"}],"version-history":[{"count":1,"href":"https:\/\/laverdadpublica.com\/index.php\/wp-json\/wp\/v2\/posts\/52516\/revisions"}],"predecessor-version":[{"id":52518,"href":"https:\/\/laverdadpublica.com\/index.php\/wp-json\/wp\/v2\/posts\/52516\/revisions\/52518"}],"wp:featuredmedia":[{"embeddable":true,"href":"https:\/\/laverdadpublica.com\/index.php\/wp-json\/wp\/v2\/media\/52517"}],"wp:attachment":[{"href":"https:\/\/laverdadpublica.com\/index.php\/wp-json\/wp\/v2\/media?parent=52516"}],"wp:term":[{"taxonomy":"category","embeddable":true,"href":"https:\/\/laverdadpublica.com\/index.php\/wp-json\/wp\/v2\/categories?post=52516"},{"taxonomy":"post_tag","embeddable":true,"href":"https:\/\/laverdadpublica.com\/index.php\/wp-json\/wp\/v2\/tags?post=52516"}],"curies":[{"name":"wp","href":"https:\/\/api.w.org\/{rel}","templated":true}]}}