{"id":52538,"date":"2025-12-18T14:25:13","date_gmt":"2025-12-18T14:25:13","guid":{"rendered":"https:\/\/laverdadpublica.com\/?p=52538"},"modified":"2025-12-18T14:25:13","modified_gmt":"2025-12-18T14:25:13","slug":"interceptan-vehiculos-con-22-haitianos-indocumentados-durante-operativo-en-mao-valverde","status":"publish","type":"post","link":"https:\/\/laverdadpublica.com\/index.php\/2025\/12\/18\/interceptan-vehiculos-con-22-haitianos-indocumentados-durante-operativo-en-mao-valverde\/","title":{"rendered":"Interceptan veh\u00edculos con 22 haitianos indocumentados durante operativo en Mao, Valverde"},"content":{"rendered":"<p style=\"text-align: justify;\">Por F\u00e9lix Rubio<\/p>\n<blockquote>\n<p style=\"text-align: center;\">Los extranjeros en condici\u00f3n migratoria irregular fueron detenidos por patrullas del Ej\u00e9rcito.<\/p>\n<\/blockquote>\n<p style=\"text-align: justify;\"><strong>Valverde, R.D.<\/strong> \u2014 Continuando con los operativos de interdicci\u00f3n y combate a las actividades il\u00edcitas, patrullas del Ej\u00e9rcito de Rep\u00fablica Dominicana (ERD), detuvieron dos veh\u00edculos en los cuales eran transportados migrantes haitianos en situaci\u00f3n irregular en el municipio de Mao, provincia Valverde.<\/p>\n<p style=\"text-align: justify;\">El primer veh\u00edculo, una jeepeta Toyota 4Runner, color negro, placa G446731, transportaba trece (13) indocumentados, mientras que el segundo, un Hyundai Sonata LF, color blanco, placa A990410, llevaba nueve (09) extranjeros en la misma condici\u00f3n.<\/p>\n<p style=\"text-align: justify;\">En total, fueron detenidos veintid\u00f3s (22) nacionales haitianos, de los cuales diecisiete (17) son masculinos y cinco (05) femeninas.<\/p>\n<p style=\"text-align: justify;\">Los conductores de ambos veh\u00edculos emprendieron la huida al notar la presencia militar, dejando abandonados los autom\u00f3viles y a los extranjeros indocumentados, los cuales fueron trasladados a la sede de la 4ta. Brigada de Infanter\u00eda del ERD, para los procesos legales correspondientes.<\/p>\n<p style=\"text-align: justify;\">Fuente: Ej\u00e9rcito de Rep\u00fablica Dominicana (ERD)<\/p>\n","protected":false},"excerpt":{"rendered":"<p>Por F\u00e9lix Rubio Los extranjeros en condici\u00f3n migratoria irregular fueron detenidos por patrullas del Ej\u00e9rcito.<\/p>\n","protected":false},"author":1,"featured_media":52539,"comment_status":"open","ping_status":"open","sticky":false,"template":"","format":"standard","meta":{"footnotes":""},"categories":[7],"tags":[],"class_list":["post-52538","post","type-post","status-publish","format-standard","has-post-thumbnail","hentry","category-nacionales"],"_links":{"self":[{"href":"https:\/\/laverdadpublica.com\/index.php\/wp-json\/wp\/v2\/posts\/52538","targetHints":{"allow":["GET"]}}],"collection":[{"href":"https:\/\/laverdadpublica.com\/index.php\/wp-json\/wp\/v2\/posts"}],"about":[{"href":"https:\/\/laverdadpublica.com\/index.php\/wp-json\/wp\/v2\/types\/post"}],"author":[{"embeddable":true,"href":"https:\/\/laverdadpublica.com\/index.php\/wp-json\/wp\/v2\/users\/1"}],"replies":[{"embeddable":true,"href":"https:\/\/laverdadpublica.com\/index.php\/wp-json\/wp\/v2\/comments?post=52538"}],"version-history":[{"count":1,"href":"https:\/\/laverdadpublica.com\/index.php\/wp-json\/wp\/v2\/posts\/52538\/revisions"}],"predecessor-version":[{"id":52540,"href":"https:\/\/laverdadpublica.com\/index.php\/wp-json\/wp\/v2\/posts\/52538\/revisions\/52540"}],"wp:featuredmedia":[{"embeddable":true,"href":"https:\/\/laverdadpublica.com\/index.php\/wp-json\/wp\/v2\/media\/52539"}],"wp:attachment":[{"href":"https:\/\/laverdadpublica.com\/index.php\/wp-json\/wp\/v2\/media?parent=52538"}],"wp:term":[{"taxonomy":"category","embeddable":true,"href":"https:\/\/laverdadpublica.com\/index.php\/wp-json\/wp\/v2\/categories?post=52538"},{"taxonomy":"post_tag","embeddable":true,"href":"https:\/\/laverdadpublica.com\/index.php\/wp-json\/wp\/v2\/tags?post=52538"}],"curies":[{"name":"wp","href":"https:\/\/api.w.org\/{rel}","templated":true}]}}