{"id":52591,"date":"2025-12-18T20:44:49","date_gmt":"2025-12-18T20:44:49","guid":{"rendered":"https:\/\/laverdadpublica.com\/?p=52591"},"modified":"2025-12-19T00:46:09","modified_gmt":"2025-12-19T00:46:09","slug":"leonel-lirio-gilby-pourde-salvador-batista-y-javier-noguera-celebran-la-navidad-en-fiestas-y-personalidades-2025","status":"publish","type":"post","link":"https:\/\/laverdadpublica.com\/index.php\/2025\/12\/18\/leonel-lirio-gilby-pourde-salvador-batista-y-javier-noguera-celebran-la-navidad-en-fiestas-y-personalidades-2025\/","title":{"rendered":"Leonel Lirio, Gilby Pourde, Salvador Batista y Javier Noguera celebran la Navidad en Fiestas y Personalidades 2025"},"content":{"rendered":"<blockquote>\n<p style=\"text-align: center;\">Leonel Lirio, dise\u00f1ador de reinas compartir\u00e1 su historia profesional y reflexiones sobre su aporte al posicionamiento de la moda dominicana. Salvador Batista y Javier Noguera nos hablar\u00e1n del dinamismo de nuestra industria tur\u00edstica.<\/p>\n<\/blockquote>\n<p style=\"text-align: justify;\">Santo Domingo, diciembre de 2025.- El destacado dise\u00f1ador de moda Leonel Lirio, reconocido por su elegancia, creatividad y amplia trayectoria en la industria de la moda dominicana es uno de los invitados de esta edici\u00f3n especial de Navidad del programa Fiestas y Personalidades.<\/p>\n<p style=\"text-align: justify;\">Con la conductora Yenny Polanco Lovera, Lirio conversar\u00e1 sobre su historia profesional, nos dir\u00e1 cu\u00e1les reinas ha impactado en la moda internacional y nos recordar\u00e1 las tendencias de la temporada; as\u00ed como sus reflexiones sobre su aporte al posicionamiento de la moda dominicana como un referente de identidad, talento y excelencia a nivel internacional.<\/p>\n<p style=\"text-align: justify;\">Fuente: Y. Lovera<\/p>\n","protected":false},"excerpt":{"rendered":"<p>Leonel Lirio, dise\u00f1ador de reinas compartir\u00e1 su historia profesional y reflexiones sobre su aporte al<\/p>\n","protected":false},"author":1,"featured_media":52592,"comment_status":"open","ping_status":"open","sticky":false,"template":"","format":"standard","meta":{"footnotes":""},"categories":[255],"tags":[],"class_list":["post-52591","post","type-post","status-publish","format-standard","has-post-thumbnail","hentry","category-comunicacion"],"_links":{"self":[{"href":"https:\/\/laverdadpublica.com\/index.php\/wp-json\/wp\/v2\/posts\/52591","targetHints":{"allow":["GET"]}}],"collection":[{"href":"https:\/\/laverdadpublica.com\/index.php\/wp-json\/wp\/v2\/posts"}],"about":[{"href":"https:\/\/laverdadpublica.com\/index.php\/wp-json\/wp\/v2\/types\/post"}],"author":[{"embeddable":true,"href":"https:\/\/laverdadpublica.com\/index.php\/wp-json\/wp\/v2\/users\/1"}],"replies":[{"embeddable":true,"href":"https:\/\/laverdadpublica.com\/index.php\/wp-json\/wp\/v2\/comments?post=52591"}],"version-history":[{"count":1,"href":"https:\/\/laverdadpublica.com\/index.php\/wp-json\/wp\/v2\/posts\/52591\/revisions"}],"predecessor-version":[{"id":52593,"href":"https:\/\/laverdadpublica.com\/index.php\/wp-json\/wp\/v2\/posts\/52591\/revisions\/52593"}],"wp:featuredmedia":[{"embeddable":true,"href":"https:\/\/laverdadpublica.com\/index.php\/wp-json\/wp\/v2\/media\/52592"}],"wp:attachment":[{"href":"https:\/\/laverdadpublica.com\/index.php\/wp-json\/wp\/v2\/media?parent=52591"}],"wp:term":[{"taxonomy":"category","embeddable":true,"href":"https:\/\/laverdadpublica.com\/index.php\/wp-json\/wp\/v2\/categories?post=52591"},{"taxonomy":"post_tag","embeddable":true,"href":"https:\/\/laverdadpublica.com\/index.php\/wp-json\/wp\/v2\/tags?post=52591"}],"curies":[{"name":"wp","href":"https:\/\/api.w.org\/{rel}","templated":true}]}}