{"id":52621,"date":"2025-12-18T17:33:56","date_gmt":"2025-12-18T17:33:56","guid":{"rendered":"https:\/\/laverdadpublica.com\/?p=52621"},"modified":"2025-12-19T02:35:29","modified_gmt":"2025-12-19T02:35:29","slug":"vanllelys-savino-mota-orgullo-dominicano-galardonada-por-more-latinoamerica-y-finalista-del-premio-nacional-de-la-juventud","status":"publish","type":"post","link":"https:\/\/laverdadpublica.com\/index.php\/2025\/12\/18\/vanllelys-savino-mota-orgullo-dominicano-galardonada-por-more-latinoamerica-y-finalista-del-premio-nacional-de-la-juventud\/","title":{"rendered":"Vanllelys Savino Mota, orgullo dominicano: galardonada por MORE Latinoam\u00e9rica y finalista del Premio Nacional de la Juventud"},"content":{"rendered":"<p style=\"text-align: justify;\">Vanllelys Mar\u00eda Savino Mota, ingeniera civil, emprendedora, l\u00edder en seguridad industrial y fundadora de la Red de Impulso y Desarrollo Emprendedor (RIDE), contin\u00faa consolid\u00e1ndose como una de las j\u00f3venes profesionales m\u00e1s destacadas del pa\u00eds, combinando excelencia acad\u00e9mica, impacto social y visi\u00f3n empresarial. Este 2025, su trayectoria alcanza un nuevo punto de reconocimiento al convertirse en finalista del Premio Nacional de la Juventud en el rengl\u00f3n Desarrollo Empresarial y Emprendimiento, representando con orgullo la Regi\u00f3n Este de la Rep\u00fablica Dominicana. Asimismo, ha sido reconocida internacionalmente como Mujer del A\u00f1o en Emprendimiento 2025-2026 por MORE Latinoam\u00e9rica, distinci\u00f3n que entre 13 pa\u00edses resalta su liderazgo y su contribuci\u00f3n al ecosistema emprendedor nacional.<\/p>\n<p style=\"text-align: justify;\">Savino, oriunda de Sabana Grande de Boy\u00e1, proviene de una familia humilde y ha logrado construir una historia inspiradora basada en disciplina, preparaci\u00f3n y visi\u00f3n estrat\u00e9gica. Posee un M\u00e1ster MBA en Administraci\u00f3n de Empresas y Gerencia de Proyectos de Ingenier\u00eda Civil y Construcci\u00f3n, as\u00ed como una Especialidad en Seguridad y Salud en el Trabajo, credenciales que respaldan su s\u00f3lida experiencia profesional en el sector de la construcci\u00f3n. Gracias a su formaci\u00f3n, se ha posicionado como una l\u00edder nacional en Seguridad Industrial, supervisando proyectos de alto impacto y aplicando est\u00e1ndares t\u00e9cnicos que elevan la calidad y la protecci\u00f3n en obras hoteleras, residenciales y tur\u00edsticas de gran envergadura.<\/p>\n<p style=\"text-align: justify;\">Como CEO de Checkmate Safety Group, Savino ha convertido su empresa en un referente nacional en seguridad industrial en proyectos de construcci\u00f3n, aportando soluciones integrales que combinan prevenci\u00f3n de riesgos, acompa\u00f1amiento t\u00e9cnico y una cultura de protecci\u00f3n centrada en el bienestar humano. Su visi\u00f3n innovadora la llev\u00f3 a crear Safety &amp; Chic, una l\u00ednea de equipos de protecci\u00f3n personal que rompe esquemas al integrar seguridad y estilo en cada producto. Desde tenis de seguridad modernos y a la moda, hasta chalecos y cascos de dise\u00f1o estilizado, la marca se ha convertido en una opci\u00f3n preferida por ingenieros, arquitectos y trabajadores, marcando un antes y un despu\u00e9s en la forma en que se percibe el equipo de protecci\u00f3n personal en el pa\u00eds.<\/p>\n<p style=\"text-align: justify;\">M\u00e1s all\u00e1 del \u00e9xito empresarial, uno de los pilares m\u00e1s significativos de la trayectoria de Savino es su compromiso social. Como fundadora de RIDE \u2013 Red de Impulso y Desarrollo Emprendedor, ha creado una plataforma que impulsa a j\u00f3venes, estudiantes y microemprendedores a desarrollar capacidades, transformar ideas en proyectos reales y encontrar oportunidades m\u00e1s all\u00e1 de sus limitaciones geogr\u00e1ficas o econ\u00f3micas. Desde programas como Sabana se Emprende, ENTRECAMINOS y Expo Emprende 2025, RIDE se ha consolidado como una red que acompa\u00f1a, inspira y forma a la pr\u00f3xima generaci\u00f3n de l\u00edderes emprendedores, especialmente en comunidades vulnerables. Su labor social ha permitido democratizar el acceso al conocimiento, promover la empleabilidad juvenil y fortalecer la cultura del emprendimiento responsable en todo el pa\u00eds.<\/p>\n<blockquote>\n<p style=\"text-align: center;\">Hoy, tanto el reconocimiento internacional como su selecci\u00f3n como finalista al Premio Nacional de la Juventud reflejan una trayectoria coherente y s\u00f3lida, en la que se integran educaci\u00f3n, emprendimiento, innovaci\u00f3n, responsabilidad social y liderazgo femenino. Vanllelys Savino se ha convertido en un s\u00edmbolo de superaci\u00f3n para la Rep\u00fablica Dominicana, demostrando que desde un peque\u00f1o pueblo es posible construir una carrera de impacto nacional e internacional, transformar una industria tradicional y al mismo tiempo abrir caminos para que otros j\u00f3venes tambi\u00e9n puedan alcanzar sus sue\u00f1os. Su historia representa la fuerza del emprendimiento dominicano, la importancia de la seguridad industrial y el poder de la educaci\u00f3n como herramienta de movilidad social.<\/p>\n<\/blockquote>\n<p>Fuente: G. Soriano<\/p>\n","protected":false},"excerpt":{"rendered":"<p>Vanllelys Mar\u00eda Savino Mota, ingeniera civil, emprendedora, l\u00edder en seguridad industrial y fundadora de la<\/p>\n","protected":false},"author":1,"featured_media":52622,"comment_status":"open","ping_status":"open","sticky":false,"template":"","format":"standard","meta":{"footnotes":""},"categories":[7],"tags":[],"class_list":["post-52621","post","type-post","status-publish","format-standard","has-post-thumbnail","hentry","category-nacionales"],"_links":{"self":[{"href":"https:\/\/laverdadpublica.com\/index.php\/wp-json\/wp\/v2\/posts\/52621","targetHints":{"allow":["GET"]}}],"collection":[{"href":"https:\/\/laverdadpublica.com\/index.php\/wp-json\/wp\/v2\/posts"}],"about":[{"href":"https:\/\/laverdadpublica.com\/index.php\/wp-json\/wp\/v2\/types\/post"}],"author":[{"embeddable":true,"href":"https:\/\/laverdadpublica.com\/index.php\/wp-json\/wp\/v2\/users\/1"}],"replies":[{"embeddable":true,"href":"https:\/\/laverdadpublica.com\/index.php\/wp-json\/wp\/v2\/comments?post=52621"}],"version-history":[{"count":1,"href":"https:\/\/laverdadpublica.com\/index.php\/wp-json\/wp\/v2\/posts\/52621\/revisions"}],"predecessor-version":[{"id":52623,"href":"https:\/\/laverdadpublica.com\/index.php\/wp-json\/wp\/v2\/posts\/52621\/revisions\/52623"}],"wp:featuredmedia":[{"embeddable":true,"href":"https:\/\/laverdadpublica.com\/index.php\/wp-json\/wp\/v2\/media\/52622"}],"wp:attachment":[{"href":"https:\/\/laverdadpublica.com\/index.php\/wp-json\/wp\/v2\/media?parent=52621"}],"wp:term":[{"taxonomy":"category","embeddable":true,"href":"https:\/\/laverdadpublica.com\/index.php\/wp-json\/wp\/v2\/categories?post=52621"},{"taxonomy":"post_tag","embeddable":true,"href":"https:\/\/laverdadpublica.com\/index.php\/wp-json\/wp\/v2\/tags?post=52621"}],"curies":[{"name":"wp","href":"https:\/\/api.w.org\/{rel}","templated":true}]}}