{"id":54581,"date":"2026-02-06T13:10:09","date_gmt":"2026-02-06T13:10:09","guid":{"rendered":"https:\/\/laverdadpublica.com\/?p=54581"},"modified":"2026-02-06T18:14:04","modified_gmt":"2026-02-06T18:14:04","slug":"director-uasd-recinto-barahona-destaca-aportes-colectivos-al-fortalecimiento-academico-de-la-region-enriquillo","status":"publish","type":"post","link":"https:\/\/laverdadpublica.com\/index.php\/2026\/02\/06\/director-uasd-recinto-barahona-destaca-aportes-colectivos-al-fortalecimiento-academico-de-la-region-enriquillo\/","title":{"rendered":"Director UASD Recinto Barahona destaca aportes colectivos al fortalecimiento acad\u00e9mico de la regi\u00f3n Enriquillo"},"content":{"rendered":"<p style=\"text-align: justify;\"><strong>Barahona, RD. \u2013<\/strong> El director general de la Universidad Aut\u00f3noma de Santo Domingo (UASD), Recinto Barahona, Manuel Antonio De La Cruz Fern\u00e1ndez, resalt\u00f3 la importancia del trabajo conjunto de todos los actores de esa unidad acad\u00e9mica, al afirmar que sin sus aportes no habr\u00eda sido posible alcanzar los objetivos orientados al fortalecimiento de la educaci\u00f3n superior en la regi\u00f3n Enriquillo.<\/p>\n<p style=\"text-align: justify;\">De La Cruz Fern\u00e1ndez ofreci\u00f3 estas declaraciones al encabezar el acto de bienvenida al profesorado, actividad en la que estuvo acompa\u00f1ado por las subdirectoras Ana L. Beltr\u00e9, acad\u00e9mica, y Biridiana Batista, administrativa.<\/p>\n<p style=\"text-align: justify;\">Durante su intervenci\u00f3n, el funcionario universitario destac\u00f3 que el Recinto Barahona \u2014la primera extensi\u00f3n creada por la UASD fuera de su sede central\u2014 ha logrado consolidar una gesti\u00f3n caracterizada por la excelencia acad\u00e9mica, la inclusi\u00f3n y las relaciones institucionales, fruto del esfuerzo colectivo del profesorado, el estudiantado y el personal administrativo.<\/p>\n<blockquote>\n<p style=\"text-align: center;\">\u201cCon el profesorado, los estudiantes y nuestros servidores administrativos, que nunca dejo fuera, fue posible alcanzar las metas y objetivos trazados por el equipo de gesti\u00f3n en esta segunda administraci\u00f3n al frente del Recinto\u201d, expres\u00f3.<\/p>\n<\/blockquote>\n<p><strong>Cierre de gesti\u00f3n con balance positivo<\/strong><\/p>\n<p style=\"text-align: justify;\">El director general, quien concluir\u00e1 su gesti\u00f3n el pr\u00f3ximo mes de julio tras la celebraci\u00f3n de las elecciones universitarias, manifest\u00f3 que se retira con la tranquilidad de haber enfrentado los principales desaf\u00edos institucionales y de haber buscado soluciones a problem\u00e1ticas hist\u00f3ricas de la comunidad acad\u00e9mica.<\/p>\n<p style=\"text-align: justify;\">Entre las acciones desarrolladas, cit\u00f3 la remodelaci\u00f3n y ampliaci\u00f3n del sal\u00f3n de profesores, con el objetivo de ofrecer un espacio m\u00e1s c\u00f3modo y funcional al cuerpo docente cuando no est\u00e9 en sus labores acad\u00e9micas en las aulas impartiendo docencia.<\/p>\n<p><strong>Crecimiento de la matr\u00edcula estudiantil<\/strong><\/p>\n<p style=\"text-align: justify;\">En otro orden, la subdirectora acad\u00e9mica Ana L. Beltr\u00e9, al pronunciar las palabras de bienvenida, destac\u00f3 el crecimiento sostenido de la matr\u00edcula estudiantil, especialmente en el ingreso de nuevos estudiantes durante el semestre 2026-1.<\/p>\n<p style=\"text-align: justify;\">Beltr\u00e9, quien aspira a dirigir el Recinto Barahona y de resultar electa se convertir\u00eda en la primera mujer en ocupar esa posici\u00f3n en 56 a\u00f1os de historia, inform\u00f3 que actualmente cerca de 15,000 estudiantes cursan distintas carreras en esta unidad acad\u00e9mica, tanto en la modalidad presencial como virtual.<\/p>\n<p style=\"text-align: justify;\">Indic\u00f3 que la virtualidad se ha convertido en una aliada estrat\u00e9gica de la Universidad, una herramienta que comenz\u00f3 a implementarse con mayor fuerza durante la pandemia de la covid-19 y que hoy sigue contribuyendo a ampliar el acceso a la educaci\u00f3n superior.<\/p>\n<blockquote>\n<p style=\"text-align: center;\">\u201cLa UASD supo aprovechar las tecnolog\u00edas educativas en uno de los momentos m\u00e1s dif\u00edciles para la humanidad, y hoy continuamos fortaleciendo ese modelo en beneficio de nuestros estudiantes\u201d, se\u00f1al\u00f3.<\/p>\n<\/blockquote>\n<p style=\"text-align: justify;\">De igual modo, la funcionaria universitaria, valor\u00f3 el clima de armon\u00eda existente entre el profesorado, aun en medio del proceso electoral universitario, al afirmar que \u201clo m\u00e1s importante es la UASD, por encima de intereses personales o individuales\u201d<\/p>\n<p>Fuente: UASD Barahona<\/p>\n","protected":false},"excerpt":{"rendered":"<p>Barahona, RD. \u2013 El director general de la Universidad Aut\u00f3noma de Santo Domingo (UASD), Recinto<\/p>\n","protected":false},"author":1,"featured_media":54582,"comment_status":"open","ping_status":"open","sticky":false,"template":"","format":"standard","meta":{"footnotes":""},"categories":[7],"tags":[],"class_list":["post-54581","post","type-post","status-publish","format-standard","has-post-thumbnail","hentry","category-nacionales"],"_links":{"self":[{"href":"https:\/\/laverdadpublica.com\/index.php\/wp-json\/wp\/v2\/posts\/54581","targetHints":{"allow":["GET"]}}],"collection":[{"href":"https:\/\/laverdadpublica.com\/index.php\/wp-json\/wp\/v2\/posts"}],"about":[{"href":"https:\/\/laverdadpublica.com\/index.php\/wp-json\/wp\/v2\/types\/post"}],"author":[{"embeddable":true,"href":"https:\/\/laverdadpublica.com\/index.php\/wp-json\/wp\/v2\/users\/1"}],"replies":[{"embeddable":true,"href":"https:\/\/laverdadpublica.com\/index.php\/wp-json\/wp\/v2\/comments?post=54581"}],"version-history":[{"count":1,"href":"https:\/\/laverdadpublica.com\/index.php\/wp-json\/wp\/v2\/posts\/54581\/revisions"}],"predecessor-version":[{"id":54583,"href":"https:\/\/laverdadpublica.com\/index.php\/wp-json\/wp\/v2\/posts\/54581\/revisions\/54583"}],"wp:featuredmedia":[{"embeddable":true,"href":"https:\/\/laverdadpublica.com\/index.php\/wp-json\/wp\/v2\/media\/54582"}],"wp:attachment":[{"href":"https:\/\/laverdadpublica.com\/index.php\/wp-json\/wp\/v2\/media?parent=54581"}],"wp:term":[{"taxonomy":"category","embeddable":true,"href":"https:\/\/laverdadpublica.com\/index.php\/wp-json\/wp\/v2\/categories?post=54581"},{"taxonomy":"post_tag","embeddable":true,"href":"https:\/\/laverdadpublica.com\/index.php\/wp-json\/wp\/v2\/tags?post=54581"}],"curies":[{"name":"wp","href":"https:\/\/api.w.org\/{rel}","templated":true}]}}