{"id":54795,"date":"2026-02-11T09:01:56","date_gmt":"2026-02-11T09:01:56","guid":{"rendered":"https:\/\/laverdadpublica.com\/?p=54795"},"modified":"2026-02-11T12:30:24","modified_gmt":"2026-02-11T12:30:24","slug":"conadis-instruye-a-comunicadores-sobre-como-referirse-a-personas-con-discapacidad","status":"publish","type":"post","link":"https:\/\/laverdadpublica.com\/index.php\/2026\/02\/11\/conadis-instruye-a-comunicadores-sobre-como-referirse-a-personas-con-discapacidad\/","title":{"rendered":"CONADIS instruye a comunicadores sobre c\u00f3mo referirse a personas con discapacidad"},"content":{"rendered":"<p style=\"text-align: justify;\"><strong>Santo Domingo, R.D.<\/strong> \u2013 El Consejo Nacional de Discapacidad (CONADIS), a trav\u00e9s de su Departamento de Sensibilizaci\u00f3n, imparti\u00f3 un taller de Trato Digno hacia las Personas con Discapacidad dirigido a comunicadores e influencers del programa KAPICUA Radio Show, espacio que se transmite a trav\u00e9s de la plataforma digital YouTube.<\/p>\n<p style=\"text-align: justify;\">La actividad se desarroll\u00f3 en el marco de un proceso de orientaci\u00f3n y sensibilizaci\u00f3n, luego de que en d\u00edas recientes, dentro de ese espacio radial, se emitieran comentarios relacionados con Johanna Beato, persona con discapacidad f\u00edsica y ganadora de un veh\u00edculo en un reality show. A ra\u00edz de esto, los comunicadores reconocieron la importancia de emplear un lenguaje correcto y respetuoso al referirse a las personas que viven con alg\u00fan tipo de discapacidad.<\/p>\n<p style=\"text-align: justify;\">Esta jornada formativa tuvo como objetivo orientar a los profesionales de la comunicaci\u00f3n sobre la forma correcta de referirse a las personas con discapacidad, promoviendo la concienciaci\u00f3n, el respeto a sus derechos y la eliminaci\u00f3n de mitos, as\u00ed como la reducci\u00f3n de pr\u00e1cticas discriminatorias en los entornos comunicacionales y digitales.<\/p>\n<p style=\"text-align: justify;\">Durante el taller participaron los comunicadores Pedro Palermo y Julio Clemente, quienes recibieron informaci\u00f3n clara y actualizada sobre los conceptos fundamentales relacionados con la discapacidad, el uso adecuado de la terminolog\u00eda inclusiva y las pautas de trato respetuoso que favorecen la participaci\u00f3n aut\u00f3noma de las personas con discapacidad en la sociedad.<\/p>\n<p style=\"text-align: justify;\">Con este tipo de iniciativas, el CONADIS reafirma su compromiso de continuar impulsando procesos de formaci\u00f3n y sensibilizaci\u00f3n dirigidos a actores clave de la comunicaci\u00f3n, promoviendo una cultura de respeto, inclusi\u00f3n y equidad para las personas con discapacidad en la Rep\u00fablica Dominicana.<\/p>\n<p>Fuente: Depto. Com. CONADIS<\/p>\n","protected":false},"excerpt":{"rendered":"<p>Santo Domingo, R.D. \u2013 El Consejo Nacional de Discapacidad (CONADIS), a trav\u00e9s de su Departamento<\/p>\n","protected":false},"author":1,"featured_media":54796,"comment_status":"open","ping_status":"open","sticky":false,"template":"","format":"standard","meta":{"footnotes":""},"categories":[7],"tags":[],"class_list":["post-54795","post","type-post","status-publish","format-standard","has-post-thumbnail","hentry","category-nacionales"],"_links":{"self":[{"href":"https:\/\/laverdadpublica.com\/index.php\/wp-json\/wp\/v2\/posts\/54795","targetHints":{"allow":["GET"]}}],"collection":[{"href":"https:\/\/laverdadpublica.com\/index.php\/wp-json\/wp\/v2\/posts"}],"about":[{"href":"https:\/\/laverdadpublica.com\/index.php\/wp-json\/wp\/v2\/types\/post"}],"author":[{"embeddable":true,"href":"https:\/\/laverdadpublica.com\/index.php\/wp-json\/wp\/v2\/users\/1"}],"replies":[{"embeddable":true,"href":"https:\/\/laverdadpublica.com\/index.php\/wp-json\/wp\/v2\/comments?post=54795"}],"version-history":[{"count":1,"href":"https:\/\/laverdadpublica.com\/index.php\/wp-json\/wp\/v2\/posts\/54795\/revisions"}],"predecessor-version":[{"id":54797,"href":"https:\/\/laverdadpublica.com\/index.php\/wp-json\/wp\/v2\/posts\/54795\/revisions\/54797"}],"wp:featuredmedia":[{"embeddable":true,"href":"https:\/\/laverdadpublica.com\/index.php\/wp-json\/wp\/v2\/media\/54796"}],"wp:attachment":[{"href":"https:\/\/laverdadpublica.com\/index.php\/wp-json\/wp\/v2\/media?parent=54795"}],"wp:term":[{"taxonomy":"category","embeddable":true,"href":"https:\/\/laverdadpublica.com\/index.php\/wp-json\/wp\/v2\/categories?post=54795"},{"taxonomy":"post_tag","embeddable":true,"href":"https:\/\/laverdadpublica.com\/index.php\/wp-json\/wp\/v2\/tags?post=54795"}],"curies":[{"name":"wp","href":"https:\/\/api.w.org\/{rel}","templated":true}]}}