{"id":54913,"date":"2026-02-13T09:00:14","date_gmt":"2026-02-13T09:00:14","guid":{"rendered":"https:\/\/laverdadpublica.com\/?p=54913"},"modified":"2026-02-13T16:58:51","modified_gmt":"2026-02-13T16:58:51","slug":"hoy-se-celebra-hoy-el-dia-mundial-de-la-radio","status":"publish","type":"post","link":"https:\/\/laverdadpublica.com\/index.php\/2026\/02\/13\/hoy-se-celebra-hoy-el-dia-mundial-de-la-radio\/","title":{"rendered":"Hoy se celebra hoy el D\u00eda Mundial de la Radio"},"content":{"rendered":"<blockquote>\n<div id=\"news_breadcrumbs\" style=\"text-align: center;\"><em>El D\u00eda Mundial de la Radio es una oportunidad para destacar el trabajo de todas las personas que forman parte de este medio de comunicaci\u00f3n<\/em><\/div>\n<\/blockquote>\n<div>\n<p style=\"text-align: justify;\"><strong>Santo Domingo RD.-\u00a0<\/strong>El\u00a0D\u00eda Mundial de la Radio\u00a0se celebra el\u00a013 de febrero\u00a0de cada a\u00f1o. Se trata de una jornada que trabaja por la\u00a0difusi\u00f3n y reconocimiento de este medio de comunicaci\u00f3n masivo. Es uno de los m\u00e1s antiguos que, a pesar de los avances tecnol\u00f3gicos, mantiene su vigencia a lo largo de los a\u00f1os.<\/p>\n<p style=\"text-align: justify;\">La capacidad de adaptaci\u00f3n de la\u00a0radiodifusi\u00f3n\u00a0signific\u00f3 su supervivencia ante la competencia, como nuevas formas de entretenimiento e informaci\u00f3n.<\/p>\n<p style=\"text-align: justify;\">No es la \u00fanica fecha dedicada a la radio. En la Argentina, se conmemora el\u00a0D\u00eda Nacional de la Radiodifusi\u00f3n\u00a0cada 27 de agosto, en recuerdo a la\u00a0primera transmisi\u00f3n realizada en nuestro pa\u00eds\u00a0por los autodenominados \u201cLocos de la Azotea\u201d en 1920.<\/p>\n<div class=\"banner-contenido\" style=\"text-align: justify;\"><strong>\u00bfPor qu\u00e9 se celebra hoy el D\u00eda Mundial de la Radio?<\/strong><\/div>\n<p style=\"text-align: justify;\">Esta jornada fue impulsada en el a\u00f1o 2011, durante la reuni\u00f3n n\u00b0 36 de la Conferencia General de la\u00a0UNESCO\u00a0(Organizaci\u00f3n de las Naciones Unidas para la Educaci\u00f3n, la Ciencia y la Cultura). El Consejo Ejecutivo de este organismo propuso\u00a0crear una fecha para destacar a este medio de comunicaci\u00f3n y todos sus colaboradores.<\/p>\n<p style=\"text-align: justify;\">De esta manera, en 2012 se decret\u00f3 el\u00a0D\u00eda de la Radio, en el marco de la Asamblea General de la Organizaci\u00f3n de las Naciones Unidas (ONU). La fecha fue elegida en recuerdo de la creaci\u00f3n del\u00a0servicio de radio de las Naciones Unidas, el 13 de febrero de 1946.<\/p>\n<p style=\"text-align: justify;\">El\u00a0D\u00eda Mundial de la Radio\u00a0es una oportunidad para destacar el trabajo de todas las personas que forman parte de este medio de comunicaci\u00f3n, desde locutores, operadores, productores, sonidistas, guionistas, entre otros. Se trata de una herramienta esencial para la\u00a0libertad de expresi\u00f3n\u00a0y el\u00a0acceso a la informaci\u00f3n\u00a0del p\u00fablico masivo.<\/p>\n<p style=\"text-align: justify;\">Cada a\u00f1o, la\u00a0UNESCO\u00a0define una tem\u00e1tica en particular para abordar el\u00a0D\u00eda de la Radio, crear campa\u00f1as y debatir entre los Estados miembros. Este 2026, el lema es \u201cLa IA es una herramienta, no una voz\u201d. Es as\u00ed que esta efem\u00e9ride pone en foco la\u00a0inteligencia artificial\u00a0y su uso correcto. La jornada plantea varias oportunidades de mejora y adaptaci\u00f3n, con ciertos criterios a tener en cuenta.<\/p>\n<p style=\"text-align: justify;\">Se busca comprender el\u00a0uso de esta nueva tecnolog\u00eda como un apoyo, mas no un reemplazo del razonamiento humano, sus opiniones, estilos o intenciones art\u00edsticas. \u201cSi es utilizada de forma \u00e9tica, en apoyo del criterio, la creatividad y los valores de servicio p\u00fablico de los profesionales de la radio, la IA puede convertirse en un aliado para fortalecer la confianza del gran p\u00fablico\u201d, indica el organismo.<\/p>\n<p style=\"text-align: justify;\">La\u00a0IA\u00a0ayuda a transcribir en tiempo real, eliminar silencios e interferencias en las transmisiones de radio. Asimismo, puede generar voces, replicar reales o producir nuevas denominadas como sint\u00e9ticas. Esta posibilidad de clonar la voz de diferentes individuos puede generar ciertas ventajas, como tambi\u00e9n inconvenientes. La\u00a0UNESCO\u00a0establece la necesidad de no sustituir la voz humana real, sino utilizar esta funci\u00f3n como una manera de optimizar la experiencia.<\/p>\n<p style=\"text-align: justify;\">Algo similar sucede con la recolecci\u00f3n de informaci\u00f3n, uso de fuentes y datos a la hora de comunicar. Si bien la IA responde a consignas de manera r\u00e1pida, tambi\u00e9n puede cometer errores, caer en deepfakes o sitios que carecen de evidencia.<\/p>\n<p style=\"text-align: justify;\">Este 2026 invita a reflexionar acerca de la\u00a0inclusi\u00f3n de la IA\u00a0y no de su imposici\u00f3n. Su labor puede contribuir, sumar y proponer, pero nunca decidir por sobre el ser humano. Es \u00fatil conocer sus extensiones de manera que puedan ser incorporadas por cada emisora de radio con \u00e9tica.<\/p>\n<p>Fuente: La Naci\u00f3n RD<\/p>\n<div class=\"banner-contenido\" style=\"text-align: justify;\"><\/div>\n<\/div>\n","protected":false},"excerpt":{"rendered":"<p>El D\u00eda Mundial de la Radio es una oportunidad para destacar el trabajo de todas<\/p>\n","protected":false},"author":2,"featured_media":54914,"comment_status":"open","ping_status":"open","sticky":false,"template":"","format":"standard","meta":{"footnotes":""},"categories":[7],"tags":[],"class_list":["post-54913","post","type-post","status-publish","format-standard","has-post-thumbnail","hentry","category-nacionales"],"_links":{"self":[{"href":"https:\/\/laverdadpublica.com\/index.php\/wp-json\/wp\/v2\/posts\/54913","targetHints":{"allow":["GET"]}}],"collection":[{"href":"https:\/\/laverdadpublica.com\/index.php\/wp-json\/wp\/v2\/posts"}],"about":[{"href":"https:\/\/laverdadpublica.com\/index.php\/wp-json\/wp\/v2\/types\/post"}],"author":[{"embeddable":true,"href":"https:\/\/laverdadpublica.com\/index.php\/wp-json\/wp\/v2\/users\/2"}],"replies":[{"embeddable":true,"href":"https:\/\/laverdadpublica.com\/index.php\/wp-json\/wp\/v2\/comments?post=54913"}],"version-history":[{"count":1,"href":"https:\/\/laverdadpublica.com\/index.php\/wp-json\/wp\/v2\/posts\/54913\/revisions"}],"predecessor-version":[{"id":54915,"href":"https:\/\/laverdadpublica.com\/index.php\/wp-json\/wp\/v2\/posts\/54913\/revisions\/54915"}],"wp:featuredmedia":[{"embeddable":true,"href":"https:\/\/laverdadpublica.com\/index.php\/wp-json\/wp\/v2\/media\/54914"}],"wp:attachment":[{"href":"https:\/\/laverdadpublica.com\/index.php\/wp-json\/wp\/v2\/media?parent=54913"}],"wp:term":[{"taxonomy":"category","embeddable":true,"href":"https:\/\/laverdadpublica.com\/index.php\/wp-json\/wp\/v2\/categories?post=54913"},{"taxonomy":"post_tag","embeddable":true,"href":"https:\/\/laverdadpublica.com\/index.php\/wp-json\/wp\/v2\/tags?post=54913"}],"curies":[{"name":"wp","href":"https:\/\/api.w.org\/{rel}","templated":true}]}}