{"id":55425,"date":"2026-02-21T20:29:03","date_gmt":"2026-02-21T20:29:03","guid":{"rendered":"https:\/\/laverdadpublica.com\/?p=55425"},"modified":"2026-02-22T00:30:09","modified_gmt":"2026-02-22T00:30:09","slug":"comunicadora-grace-reyes-denuncia-abandono-y-paralizacion-economica-en-la-presa-de-hatillo","status":"publish","type":"post","link":"https:\/\/laverdadpublica.com\/index.php\/2026\/02\/21\/comunicadora-grace-reyes-denuncia-abandono-y-paralizacion-economica-en-la-presa-de-hatillo\/","title":{"rendered":"Comunicadora Grace Reyes denuncia abandono y paralizaci\u00f3n econ\u00f3mica en la Presa de Hatillo"},"content":{"rendered":"<p style=\"text-align: justify;\">Santo Domingo. \u2014 La comunicadora Grace Reyes denunci\u00f3 el estado de abandono y la preocupante paralizaci\u00f3n econ\u00f3mica que afecta actualmente a la Presa de Hatillo, uno de los principales destinos ecotur\u00edsticos de la zona.<\/p>\n<p style=\"text-align: justify;\">Reyes asegur\u00f3 que el ambiente festivo que tradicionalmente caracterizaba los fines de semana en el lugar ha desaparecido por completo, siendo sustituido por lo que describi\u00f3 como un \u201csilencio sepulcral\u201d, sin presencia de ba\u00f1istas, m\u00fasica ni visitantes.<\/p>\n<p style=\"text-align: justify;\">Seg\u00fan explic\u00f3, la ausencia de p\u00fablico no ser\u00eda casual, sino consecuencia del temor colectivo generado por el estado del agua y la creciente desconfianza en la calidad del recurso h\u00eddrico. Esta situaci\u00f3n, afirm\u00f3, ha provocado la detenci\u00f3n total de la din\u00e1mica social y comercial que durante a\u00f1os sostuvo a decenas de familias que dependen de la actividad tur\u00edstica en la zona.<\/p>\n<p style=\"text-align: justify;\">La comunicadora hizo un llamado a las autoridades correspondientes para que intervengan y adopten medidas que permitan recuperar la confianza de la poblaci\u00f3n, revitalizar el espacio y garantizar condiciones \u00f3ptimas para su uso seguro.<\/p>\n<p>Fuente: EcoNews<\/p>\n","protected":false},"excerpt":{"rendered":"<p>Santo Domingo. \u2014 La comunicadora Grace Reyes denunci\u00f3 el estado de abandono y la preocupante<\/p>\n","protected":false},"author":1,"featured_media":55426,"comment_status":"open","ping_status":"open","sticky":false,"template":"","format":"standard","meta":{"footnotes":""},"categories":[7],"tags":[],"class_list":["post-55425","post","type-post","status-publish","format-standard","has-post-thumbnail","hentry","category-nacionales"],"_links":{"self":[{"href":"https:\/\/laverdadpublica.com\/index.php\/wp-json\/wp\/v2\/posts\/55425","targetHints":{"allow":["GET"]}}],"collection":[{"href":"https:\/\/laverdadpublica.com\/index.php\/wp-json\/wp\/v2\/posts"}],"about":[{"href":"https:\/\/laverdadpublica.com\/index.php\/wp-json\/wp\/v2\/types\/post"}],"author":[{"embeddable":true,"href":"https:\/\/laverdadpublica.com\/index.php\/wp-json\/wp\/v2\/users\/1"}],"replies":[{"embeddable":true,"href":"https:\/\/laverdadpublica.com\/index.php\/wp-json\/wp\/v2\/comments?post=55425"}],"version-history":[{"count":1,"href":"https:\/\/laverdadpublica.com\/index.php\/wp-json\/wp\/v2\/posts\/55425\/revisions"}],"predecessor-version":[{"id":55427,"href":"https:\/\/laverdadpublica.com\/index.php\/wp-json\/wp\/v2\/posts\/55425\/revisions\/55427"}],"wp:featuredmedia":[{"embeddable":true,"href":"https:\/\/laverdadpublica.com\/index.php\/wp-json\/wp\/v2\/media\/55426"}],"wp:attachment":[{"href":"https:\/\/laverdadpublica.com\/index.php\/wp-json\/wp\/v2\/media?parent=55425"}],"wp:term":[{"taxonomy":"category","embeddable":true,"href":"https:\/\/laverdadpublica.com\/index.php\/wp-json\/wp\/v2\/categories?post=55425"},{"taxonomy":"post_tag","embeddable":true,"href":"https:\/\/laverdadpublica.com\/index.php\/wp-json\/wp\/v2\/tags?post=55425"}],"curies":[{"name":"wp","href":"https:\/\/api.w.org\/{rel}","templated":true}]}}