{"id":55677,"date":"2026-02-25T13:11:24","date_gmt":"2026-02-25T13:11:24","guid":{"rendered":"https:\/\/laverdadpublica.com\/?p=55677"},"modified":"2026-02-25T18:03:44","modified_gmt":"2026-02-25T18:03:44","slug":"adimars-abre-el-debate-nacional-sobre-la-capita-diferenciada-y-llama-a-hacer-lo-correcto-en-el-sistema-de-salud","status":"publish","type":"post","link":"https:\/\/laverdadpublica.com\/index.php\/2026\/02\/25\/adimars-abre-el-debate-nacional-sobre-la-capita-diferenciada-y-llama-a-hacer-lo-correcto-en-el-sistema-de-salud\/","title":{"rendered":"ADIMARS abre el debate nacional sobre la c\u00e1pita diferenciada y llama a \u201chacer lo correcto\u201d en el sistema de salud"},"content":{"rendered":"<p style=\"text-align: justify;\"><strong>Santo Domingo,<\/strong> <strong>RD<\/strong>. \u2013 En un panel de alto nivel t\u00e9cnico y jur\u00eddico, la Asociaci\u00f3n Dominicana de Administradoras de Riesgos de Salud (ADIMARS) propici\u00f3 un amplio debate sobre la propuesta de c\u00e1pita diferenciada por edad y sexo, bajo el tema \u201cC\u00e1pita Diferenciada: Dise\u00f1arla bien y hacer lo correcto\u201d, reafirmando la necesidad de que cualquier reforma al financiamiento del sistema de salud se sustente en criterios de legalidad, sostenibilidad y protecci\u00f3n del derecho fundamental a la salud.<\/p>\n<p style=\"text-align: justify;\">El encuentro, celebrado en la Universidad Aut\u00f3noma de Santo Domingo (UASD), reuni\u00f3 a especialistas de reconocida trayectoria en seguridad social, econom\u00eda y derecho administrativo, quienes analizaron las implicaciones constitucionales, financieras y estructurales de la medida adoptada por el Consejo Nacional de Seguridad Social (CNSS).<\/p>\n<p style=\"text-align: justify;\">Durante el panel, el doctor Jos\u00e9 Selig advirti\u00f3 sobre los desaf\u00edos estructurales que a\u00fan enfrenta el sistema de salud dominicano, se\u00f1alando que antes de introducir cambios en el modelo de financiamiento, es prioritario fortalecer medidas como la atenci\u00f3n primaria y la regulaci\u00f3n efectiva de costos, a fin de garantizar mayor equidad en el acceso a los servicios.<\/p>\n<p style=\"text-align: justify;\">Por su parte, el economista Fernando Caama\u00f1o, exsuperintendente de la Superintendencia de Salud y Riesgos Laborales (SISALRIL), reflexion\u00f3 sobre la madurez del sistema para asumir modificaciones en el mecanismo de pago, subrayando la importancia de preservar el equilibrio financiero y la estabilidad institucional del Seguro Familiar de Salud.<\/p>\n<p style=\"text-align: justify;\">En el plano jur\u00eddico, el constitucionalista Eduardo Jorge Prats analiz\u00f3 las implicaciones legales de la resoluci\u00f3n, detallando posibles v\u00edas constitucionales disponibles en caso de impugnaci\u00f3n, mientras que el abogado Manuel Ferm\u00edn Cabral abord\u00f3 la necesidad de garantizar procesos regulatorios transparentes y apegados al debido proceso en decisiones de alto impacto para el sistema.<\/p>\n<p style=\"text-align: justify;\">El periodista y analista Pedro Jim\u00e9nez Valenzuela aport\u00f3 una mirada pol\u00edtico-institucional al debate, enfatizando la urgencia de retomar el di\u00e1logo entre los actores del sector y de generar consensos que eviten escenarios de confrontaci\u00f3n que puedan afectar a los afiliados.<\/p>\n<p style=\"text-align: justify;\">La actividad fue moderada por la directora ejecutiva de la ADIMARS, Alba Joselin Holgu\u00edn, y cont\u00f3 con la conducci\u00f3n de V\u00edctor D\u00edaz. El formato incluy\u00f3 exposiciones individuales, rondas estructuradas de preguntas y un espacio abierto para la participaci\u00f3n del p\u00fablico, donde se evidenci\u00f3 el alto inter\u00e9s que despierta el tema en los sectores acad\u00e9mico, empresarial y comunicacional.<\/p>\n<p style=\"text-align: justify;\">Al cierre del evento, la ADIMARS reiter\u00f3 su compromiso con el fortalecimiento del Sistema Dominicano de Seguridad Social y con la promoci\u00f3n de espacios de di\u00e1logo t\u00e9cnico que contribuyan a dise\u00f1ar pol\u00edticas p\u00fablicas responsables, sostenibles y centradas en los afiliados.<\/p>\n<p>Fuente: Prensa ADIMARS<\/p>\n","protected":false},"excerpt":{"rendered":"<p>Santo Domingo, RD. \u2013 En un panel de alto nivel t\u00e9cnico y jur\u00eddico, la Asociaci\u00f3n<\/p>\n","protected":false},"author":1,"featured_media":55678,"comment_status":"open","ping_status":"open","sticky":false,"template":"","format":"standard","meta":{"footnotes":""},"categories":[221],"tags":[],"class_list":["post-55677","post","type-post","status-publish","format-standard","has-post-thumbnail","hentry","category-salud"],"_links":{"self":[{"href":"https:\/\/laverdadpublica.com\/index.php\/wp-json\/wp\/v2\/posts\/55677","targetHints":{"allow":["GET"]}}],"collection":[{"href":"https:\/\/laverdadpublica.com\/index.php\/wp-json\/wp\/v2\/posts"}],"about":[{"href":"https:\/\/laverdadpublica.com\/index.php\/wp-json\/wp\/v2\/types\/post"}],"author":[{"embeddable":true,"href":"https:\/\/laverdadpublica.com\/index.php\/wp-json\/wp\/v2\/users\/1"}],"replies":[{"embeddable":true,"href":"https:\/\/laverdadpublica.com\/index.php\/wp-json\/wp\/v2\/comments?post=55677"}],"version-history":[{"count":1,"href":"https:\/\/laverdadpublica.com\/index.php\/wp-json\/wp\/v2\/posts\/55677\/revisions"}],"predecessor-version":[{"id":55679,"href":"https:\/\/laverdadpublica.com\/index.php\/wp-json\/wp\/v2\/posts\/55677\/revisions\/55679"}],"wp:featuredmedia":[{"embeddable":true,"href":"https:\/\/laverdadpublica.com\/index.php\/wp-json\/wp\/v2\/media\/55678"}],"wp:attachment":[{"href":"https:\/\/laverdadpublica.com\/index.php\/wp-json\/wp\/v2\/media?parent=55677"}],"wp:term":[{"taxonomy":"category","embeddable":true,"href":"https:\/\/laverdadpublica.com\/index.php\/wp-json\/wp\/v2\/categories?post=55677"},{"taxonomy":"post_tag","embeddable":true,"href":"https:\/\/laverdadpublica.com\/index.php\/wp-json\/wp\/v2\/tags?post=55677"}],"curies":[{"name":"wp","href":"https:\/\/api.w.org\/{rel}","templated":true}]}}