{"id":55809,"date":"2026-02-25T13:31:17","date_gmt":"2026-02-25T13:31:17","guid":{"rendered":"https:\/\/laverdadpublica.com\/?p=55809"},"modified":"2026-02-27T19:32:51","modified_gmt":"2026-02-27T19:32:51","slug":"la-exotica-sin-filtro-autoestima-ansiedad-y-los-temas-que-marcaron-la-agenda-nacional","status":"publish","type":"post","link":"https:\/\/laverdadpublica.com\/index.php\/2026\/02\/25\/la-exotica-sin-filtro-autoestima-ansiedad-y-los-temas-que-marcaron-la-agenda-nacional\/","title":{"rendered":"La ex\u00f3tica sin filtro autoestima, ansiedad y los temas que marcaron la agenda nacional"},"content":{"rendered":"<p style=\"text-align: justify;\"><strong style=\"text-align: justify;\">Santo Domingo. D.N, febrero 2026. En <\/strong><span style=\"text-align: justify;\">una entrevista exclusiva con Daisy Gonz\u00e1lez, conocida p\u00fablicamente como \u201cLa Ex\u00f3tica\u201d, en una conversaci\u00f3n directa sobre la relaci\u00f3n entre la autoestima y la ansiedad en la actualidad. El di\u00e1logo se desarroll\u00f3 en un ambiente abierto, abordando sin reservas los desaf\u00edos emocionales que enfrentan miles de j\u00f3venes en la era digital.<\/span><\/p>\n<p style=\"text-align: justify;\">Durante la transmisi\u00f3n, la influencer comparti\u00f3 experiencias personales vinculadas a la cr\u00edtica p\u00fablica, la presi\u00f3n social y el impacto de la exposici\u00f3n constante en redes sociales. Explic\u00f3 c\u00f3mo la baja autoestima puede convertirse en un detonante silencioso de ansiedad, afectando decisiones, relaciones y estabilidad emocional. Sus declaraciones generaron amplia interacci\u00f3n entre los espectadores.<\/p>\n<p style=\"text-align: justify;\">En el intercambio tambi\u00e9n se analiz\u00f3 el fen\u00f3meno de los Therians como parte de las nuevas din\u00e1micas de identidad emocional que han cobrado visibilidad en los \u00faltimos a\u00f1os. El programa reflexion\u00f3 sobre c\u00f3mo la necesidad de pertenencia y validaci\u00f3n externa influye en la construcci\u00f3n de la identidad juvenil, especialmente despu\u00e9s del aislamiento social provocado por la pandemia.<\/p>\n<p style=\"text-align: justify;\">Los conductores resaltaron la importancia de fortalecer el amor propio y promover espacios de orientaci\u00f3n que permitan hablar abiertamente sobre salud mental. Se destac\u00f3 que normalizar estas conversaciones puede contribuir a prevenir crisis emocionales y fomentar una cultura de apoyo psicol\u00f3gico en la sociedad dominicana.<\/p>\n<p style=\"text-align: justify;\">En otro orden, el espacio abord\u00f3 el apag\u00f3n registrado el d\u00eda anterior en Rep\u00fablica Dominicana, hecho que gener\u00f3 m\u00faltiples reacciones en distintos sectores. Se analizaron las implicaciones sociales y econ\u00f3micas de la interrupci\u00f3n el\u00e9ctrica, as\u00ed como el impacto inmediato en la cotidianidad de la poblaci\u00f3n.<\/p>\n<p style=\"text-align: justify;\">Asimismo, fue comentada la inauguraci\u00f3n del Metro de Los Alcarrizos realizada este 24 de febrero, obra que ampl\u00eda el sistema del Metro de Santo Domingo. La expansi\u00f3n representa un avance significativo en la movilidad urbana y en el desarrollo de esa demarcaci\u00f3n, generando expectativas positivas entre los ciudadanos.<\/p>\n<p style=\"text-align: justify;\">Finalmente, el programa tambi\u00e9n examin\u00f3 la controversia p\u00fablica relacionada con la disputa entre el maestro y Jim\u00e9nez, tema que ha generado debates en redes sociales y medios digitales. El an\u00e1lisis gir\u00f3 en torno a c\u00f3mo estos conflictos influyen en la opini\u00f3n p\u00fablica y en la conversaci\u00f3n social contempor\u00e1nea.<\/p>\n<p style=\"text-align: justify;\">Con esta combinaci\u00f3n de salud mental, coyuntura nacional y an\u00e1lisis social, la emisi\u00f3n consolid\u00f3 un contenido integral que conecta con la realidad emocional y noticiosa del pa\u00eds, reafirmando su compromiso de abordar los temas que impactan directamente a la sociedad dominicana.<\/p>\n<p>Fuente: Socializando con Junior Caba<\/p>\n","protected":false},"excerpt":{"rendered":"<p>Santo Domingo. D.N, febrero 2026. En una entrevista exclusiva con Daisy Gonz\u00e1lez, conocida p\u00fablicamente como<\/p>\n","protected":false},"author":1,"featured_media":55810,"comment_status":"open","ping_status":"open","sticky":false,"template":"","format":"standard","meta":{"footnotes":""},"categories":[255],"tags":[],"class_list":["post-55809","post","type-post","status-publish","format-standard","has-post-thumbnail","hentry","category-comunicacion"],"_links":{"self":[{"href":"https:\/\/laverdadpublica.com\/index.php\/wp-json\/wp\/v2\/posts\/55809","targetHints":{"allow":["GET"]}}],"collection":[{"href":"https:\/\/laverdadpublica.com\/index.php\/wp-json\/wp\/v2\/posts"}],"about":[{"href":"https:\/\/laverdadpublica.com\/index.php\/wp-json\/wp\/v2\/types\/post"}],"author":[{"embeddable":true,"href":"https:\/\/laverdadpublica.com\/index.php\/wp-json\/wp\/v2\/users\/1"}],"replies":[{"embeddable":true,"href":"https:\/\/laverdadpublica.com\/index.php\/wp-json\/wp\/v2\/comments?post=55809"}],"version-history":[{"count":1,"href":"https:\/\/laverdadpublica.com\/index.php\/wp-json\/wp\/v2\/posts\/55809\/revisions"}],"predecessor-version":[{"id":55811,"href":"https:\/\/laverdadpublica.com\/index.php\/wp-json\/wp\/v2\/posts\/55809\/revisions\/55811"}],"wp:featuredmedia":[{"embeddable":true,"href":"https:\/\/laverdadpublica.com\/index.php\/wp-json\/wp\/v2\/media\/55810"}],"wp:attachment":[{"href":"https:\/\/laverdadpublica.com\/index.php\/wp-json\/wp\/v2\/media?parent=55809"}],"wp:term":[{"taxonomy":"category","embeddable":true,"href":"https:\/\/laverdadpublica.com\/index.php\/wp-json\/wp\/v2\/categories?post=55809"},{"taxonomy":"post_tag","embeddable":true,"href":"https:\/\/laverdadpublica.com\/index.php\/wp-json\/wp\/v2\/tags?post=55809"}],"curies":[{"name":"wp","href":"https:\/\/api.w.org\/{rel}","templated":true}]}}