{"id":56357,"date":"2026-03-09T09:25:57","date_gmt":"2026-03-09T09:25:57","guid":{"rendered":"https:\/\/laverdadpublica.com\/?p=56357"},"modified":"2026-03-09T13:07:28","modified_gmt":"2026-03-09T13:07:28","slug":"tse-inicia-proceso-de-formulacion-del-plan-estrategico-institucional-2027-2030","status":"publish","type":"post","link":"https:\/\/laverdadpublica.com\/index.php\/2026\/03\/09\/tse-inicia-proceso-de-formulacion-del-plan-estrategico-institucional-2027-2030\/","title":{"rendered":"TSE inicia proceso de formulaci\u00f3n del Plan Estrat\u00e9gico Institucional 2027-2030"},"content":{"rendered":"<p style=\"text-align: justify;\"><strong>Santo Domingo.<\/strong>\u00a0-El Tribunal Superior Electoral (TSE) inici\u00f3 el Proceso de Formulaci\u00f3n del Plan Estrat\u00e9gico Institucional (PEI TSE 2027-2030) para lo que capacitan a directores y encargados, con el objetivo de sensibilizar sobre el proceso de planificaci\u00f3n estrat\u00e9gica, su metodolog\u00eda y herramientas de formulaci\u00f3n, como punto de partida para la elaboraci\u00f3n del Plan Estrat\u00e9gico Institucional.<\/p>\n<p style=\"text-align: justify;\">En la jornada que participaron los jueces\u00a0 Lourdes Teresa Salazar, suplentes del presidente del Tribunal Ygnacio Pascual Camacho Hidalgo; directores y\u00a0 encargados de las diferentes dependencias se resalt\u00f3 que la planificaci\u00f3n estrat\u00e9gica constituye una herramienta clave de gesti\u00f3n que apoya la toma de decisiones institucionales, permitiendo definir con claridad el quehacer actual y el camino a seguir frente a los cambios y demandas del entorno, a fin de garantizar mayor eficiencia, eficacia y calidad en los servicios que ofrece la instituci\u00f3n.<\/p>\n<p style=\"text-align: justify;\">Se explic\u00f3 que esta herramienta asegura la coherencia entre la misi\u00f3n institucional y las acciones diarias, permite anticipar riesgos y desaf\u00edos, fortalece el cumplimiento de los objetivos estrat\u00e9gicos y contribuye al afianzamiento de la confianza ciudadana.<\/p>\n<p style=\"text-align: justify;\">La asesora en Planificaci\u00f3n y Desarrollo para la Aplicaci\u00f3n del Sistema de Gesti\u00f3n de Calidad, de CCURY Consulting, ingeniera Camila Cury, resalt\u00f3 que la planificaci\u00f3n estrat\u00e9gica eleva la calidad de las decisiones, organiza la gesti\u00f3n con un prop\u00f3sito definido, desalienta estructuras aisladas, impulsa esquemas de trabajo m\u00e1s flexibles, facilita la evaluaci\u00f3n del desempe\u00f1o institucional, establece desaf\u00edos motivadores y reduce la arbitrariedad en la toma de decisiones.<\/p>\n<p style=\"text-align: justify;\">Abord\u00f3 tambi\u00e9n, la interacci\u00f3n entre el Sistema de Gesti\u00f3n de la Calidad (SGC) y el Sistema de Planificaci\u00f3n, destacando que ambos convergen en el an\u00e1lisis del contexto institucional, la identificaci\u00f3n de los grupos de inter\u00e9s y la definici\u00f3n de prioridades estrat\u00e9gicas. Se puntualiz\u00f3 que los objetivos de calidad deben estar alineados con los objetivos estrat\u00e9gicos institucionales y que la gesti\u00f3n de riesgos y oportunidades alimenta tanto la estrategia como la mejora continua del SGC, en el proceso de implementaci\u00f3n conforme a la norma ISO 9001:2015.<\/p>\n<p style=\"text-align: justify;\">El proceso de formulaci\u00f3n del PEI TSE 2027-2030 tendr\u00e1 una duraci\u00f3n estimada de 13 semanas y se desarrollar\u00e1 de manera paralela a la implementaci\u00f3n del Sistema de Gesti\u00f3n de la Calidad. Para su construcci\u00f3n se ha contemplado una metodolog\u00eda de trabajo colaborativa que incluye la conformaci\u00f3n de grupos dirigidos para la construcci\u00f3n y validaci\u00f3n de insumos, la realizaci\u00f3n de talleres para el an\u00e1lisis y definici\u00f3n de lineamientos estrat\u00e9gicos y un taller final destinado a consolidar y validar todos los elementos que integrar\u00e1n el plan.<\/p>\n<p style=\"text-align: justify;\">Durante la capacitaci\u00f3n se presentaron herramientas de an\u00e1lisis estrat\u00e9gico como el PESTEL, que permite identificar factores pol\u00edticos, econ\u00f3micos, sociales, tecnol\u00f3gicos, ambientales y legales que influyen en la instituci\u00f3n, anticipando riesgos y detectando oportunidades, as\u00ed como el an\u00e1lisis FODA, orientado a evaluar fortalezas y debilidades internas, junto a oportunidades y amenazas externas, con el prop\u00f3sito de apoyar la formulaci\u00f3n de objetivos y estrategias.<\/p>\n<p style=\"text-align: justify;\">De igual manera, se ofrecieron orientaciones para la revisi\u00f3n y eventual reformulaci\u00f3n de la misi\u00f3n institucional, entendida como la raz\u00f3n de ser de la organizaci\u00f3n, recomendando que sea redactada en tiempo presente, con una extensi\u00f3n no mayor de 150 palabras y contemplando sus elementos esenciales y valores. Tambi\u00e9n se abordaron los conceptos de visi\u00f3n, como el destino al que se aspira llegar, y valores, definidos como los principios que orientan el comportamiento institucional.<\/p>\n<p style=\"text-align: justify;\">En el contexto del fortalecimiento institucional, se present\u00f3 la propuesta de Pol\u00edtica de Calidad, mediante la cual la Alta Direcci\u00f3n asume el compromiso de establecer, implementar y mantener un Sistema de Gesti\u00f3n de la Calidad conforme a la norma ISO 9001:2015, garantizando decisiones oportunas, imparciales y fundamentadas en derecho; el cumplimiento de los requisitos legales y normativos aplicables; la mejora continua del sistema; el fortalecimiento del talento humano; la optimizaci\u00f3n de los procesos y la modernizaci\u00f3n tecnol\u00f3gica.<\/p>\n<p style=\"text-align: justify;\">Finalmente, se explic\u00f3 que los ejes estrat\u00e9gicos representan los grandes temas prioritarios sobre los que la instituci\u00f3n enfocar\u00e1 sus esfuerzos en el per\u00edodo 2027-2030, mientras que los objetivos estrat\u00e9gicos constituyen las metas de alto nivel que permitir\u00e1n materializar la misi\u00f3n y visi\u00f3n institucional. Se destac\u00f3, adem\u00e1s, que el Plan Estrat\u00e9gico Institucional no se queda en el papel, sino que se ejecuta a trav\u00e9s del Plan Operativo Anual (POA), instrumento de corto plazo que define las actividades concretas de cada \u00e1rea conforme a los recursos disponibles y alineadas con la planificaci\u00f3n de mediano y largo plazo.<\/p>\n<p style=\"text-align: justify;\">Fuente: Dir. Comunicaciones TSE<\/p>\n","protected":false},"excerpt":{"rendered":"<p>Santo Domingo.\u00a0-El Tribunal Superior Electoral (TSE) inici\u00f3 el Proceso de Formulaci\u00f3n del Plan Estrat\u00e9gico Institucional<\/p>\n","protected":false},"author":1,"featured_media":56358,"comment_status":"open","ping_status":"open","sticky":false,"template":"","format":"standard","meta":{"footnotes":""},"categories":[7],"tags":[],"class_list":["post-56357","post","type-post","status-publish","format-standard","has-post-thumbnail","hentry","category-nacionales"],"_links":{"self":[{"href":"https:\/\/laverdadpublica.com\/index.php\/wp-json\/wp\/v2\/posts\/56357","targetHints":{"allow":["GET"]}}],"collection":[{"href":"https:\/\/laverdadpublica.com\/index.php\/wp-json\/wp\/v2\/posts"}],"about":[{"href":"https:\/\/laverdadpublica.com\/index.php\/wp-json\/wp\/v2\/types\/post"}],"author":[{"embeddable":true,"href":"https:\/\/laverdadpublica.com\/index.php\/wp-json\/wp\/v2\/users\/1"}],"replies":[{"embeddable":true,"href":"https:\/\/laverdadpublica.com\/index.php\/wp-json\/wp\/v2\/comments?post=56357"}],"version-history":[{"count":2,"href":"https:\/\/laverdadpublica.com\/index.php\/wp-json\/wp\/v2\/posts\/56357\/revisions"}],"predecessor-version":[{"id":56360,"href":"https:\/\/laverdadpublica.com\/index.php\/wp-json\/wp\/v2\/posts\/56357\/revisions\/56360"}],"wp:featuredmedia":[{"embeddable":true,"href":"https:\/\/laverdadpublica.com\/index.php\/wp-json\/wp\/v2\/media\/56358"}],"wp:attachment":[{"href":"https:\/\/laverdadpublica.com\/index.php\/wp-json\/wp\/v2\/media?parent=56357"}],"wp:term":[{"taxonomy":"category","embeddable":true,"href":"https:\/\/laverdadpublica.com\/index.php\/wp-json\/wp\/v2\/categories?post=56357"},{"taxonomy":"post_tag","embeddable":true,"href":"https:\/\/laverdadpublica.com\/index.php\/wp-json\/wp\/v2\/tags?post=56357"}],"curies":[{"name":"wp","href":"https:\/\/api.w.org\/{rel}","templated":true}]}}