{"id":56413,"date":"2026-03-10T13:42:42","date_gmt":"2026-03-10T13:42:42","guid":{"rendered":"https:\/\/laverdadpublica.com\/?p=56413"},"modified":"2026-03-10T17:45:19","modified_gmt":"2026-03-10T17:45:19","slug":"disenador-eddy-rambaldy-presenta-coleccion-inmaculadas-en-trendy-fashion-week-rd-2026","status":"publish","type":"post","link":"https:\/\/laverdadpublica.com\/index.php\/2026\/03\/10\/disenador-eddy-rambaldy-presenta-coleccion-inmaculadas-en-trendy-fashion-week-rd-2026\/","title":{"rendered":"Dise\u00f1ador Eddy Rambaldy presenta colecci\u00f3n \u201cInmaculadas\u201d en Trendy Fashion Week RD 2026"},"content":{"rendered":"<p style=\"text-align: justify;\"><strong>Santo Domingo.<\/strong> \u2013 El dise\u00f1ador dominicano Eddy Rambaldy present\u00f3 el pasado 5 de marzo su colecci\u00f3n \u201cInmaculadas\u201d durante el segundo d\u00eda del Trendy Fashion Week RD 2026, celebrado en la C\u00fapula del Palacio de Bellas Artes. La propuesta del creador dominicano cerr\u00f3 la jornada de desfiles y destac\u00f3 por su elegancia, delicado trabajo artesanal y una est\u00e9tica marcada por la pureza del color blanco.<\/p>\n<p style=\"text-align: justify;\">Durante la presentaci\u00f3n, diversas figuras del mundo de la moda y la comunicaci\u00f3n valoraron la creatividad y el nivel de detalle de las piezas exhibidas en la pasarela.<\/p>\n<p style=\"text-align: justify;\">El estilista y dise\u00f1ador Keyther Est\u00e9vez calific\u00f3 la colecci\u00f3n como \u201cmagistral, sublime y elegante, adem\u00e1s de muy vanguardista\u201d. Destac\u00f3 el trabajo artesanal presente en cada dise\u00f1o, con abundantes detalles de pedrer\u00eda y una propuesta est\u00e9tica que \u2014seg\u00fan expres\u00f3 \u2014 convierte el desfile en \u201cuna verdadera obra de arte\u201d.<\/p>\n<p style=\"text-align: justify;\">De su lado, el comunicador y periodista Mois\u00e9s Salc\u00e9 resalt\u00f3 la terminaci\u00f3n de las piezas, la calidad de las telas y la propuesta creativa presentada.<\/p>\n<blockquote>\n<p style=\"text-align: center;\">\u201cPienso que ha sido impresionante la terminaci\u00f3n de las piezas, la calidad de las telas y los dise\u00f1os. Creo que esta colecci\u00f3n dar\u00e1 mucho de qu\u00e9 hablar de manera positiva. Me encant\u00f3; ha sido una de mis colecciones favoritas de este evento\u201d.<\/p>\n<\/blockquote>\n<p style=\"text-align: justify;\">La comunicadora y locutora Penny B\u00e1ez tambi\u00e9n elogi\u00f3 la propuesta presentada en pasarela, se\u00f1alando que se trata de una de las colecciones m\u00e1s bellas que ha visto recientemente y augur\u00f3 un a\u00f1o prometedor para el dise\u00f1ador.<\/p>\n<p style=\"text-align: justify;\">Por su parte, Jonathan Medero, CEO del evento, defini\u00f3 a Rambaldy como uno de los dise\u00f1adores dominicanos m\u00e1s destacados, al tiempo que valor\u00f3 la forma en que sus creaciones resaltan la belleza femenina y proyectan elegancia a trav\u00e9s de cada pieza.<\/p>\n<p style=\"text-align: justify;\"><strong>Inspiraci\u00f3n de la colecci\u00f3n<\/strong><\/p>\n<p style=\"text-align: justify;\">La colecci\u00f3n \u201cInmaculadas\u201d presenta una interpretaci\u00f3n contempor\u00e1nea de la pureza y la elegancia del color blanco, inspirada en la luz, la serenidad y la belleza de lo esencial.<\/p>\n<p style=\"text-align: justify;\">La propuesta explora una delicada paleta de tonos luminosos como madreperla, off-white, ivory y blanco inmaculado, creando una armon\u00eda visual que resalta la sofisticaci\u00f3n de cada dise\u00f1o y proyecta una est\u00e9tica atemporal que trasciende las tendencias pasajeras. Las piezas \u2014que incluyen vestidos de gala y dise\u00f1os de corte moderno\u2014 destacan por el uso de telas bordadas y aplicaciones artesanales con cristales de Swarovski, as\u00ed como perlas, mostacillas y canutillos que aportan brillo y textura.<\/p>\n<p style=\"text-align: justify;\">Las siluetas combinan elementos cl\u00e1sicos y vanguardistas mediante cortes asim\u00e9tricos, drapeados delicados y acabados impecables que realzan la figura femenina.<\/p>\n<p><strong>Equipo creativo<\/strong><\/p>\n<ul>\n<li>Fotograf\u00eda: Melvin Javier<\/li>\n<li>Maquillaje: Milani Cosmetics<\/li>\n<li>Peinado: John Frieda<\/li>\n<li>Accesorios: Cinthia Francisco<\/li>\n<li>Relaciones p\u00fablicas: JJP Relaciones P\u00fablicas<\/li>\n<\/ul>\n<p><strong>Sobre Trendy Fashion Week RD 2026<\/strong><\/p>\n<p style=\"text-align: justify;\">La quinta edici\u00f3n del Trendy Fashion Week RD 2026 convirti\u00f3 la C\u00fapula del Palacio de Bellas Artes en el epicentro de la moda caribe\u00f1a durante tres d\u00edas de desfiles.<\/p>\n<p style=\"text-align: justify;\">El evento cont\u00f3 con la conducci\u00f3n de la comunicadora Elizabeth Sinai, el comunicador Alex Mac\u00edas y el estilista Keyther Est\u00e9vez.<\/p>\n<p style=\"text-align: justify;\">M\u00e1s de 100 modelos provenientes de Puerto Rico, Espa\u00f1a, Colombia, Venezuela y Rep\u00fablica Dominicana desfilaron durante el evento, que tambi\u00e9n cont\u00f3 con dise\u00f1adores invitados de Per\u00fa, Panam\u00e1, Colombia, Puerto Rico y Rep\u00fablica Dominicana, consolid\u00e1ndose como una plataforma de proyecci\u00f3n para el talento de la moda en el Caribe.<\/p>\n<p>Fuente: Regionarios News<\/p>\n","protected":false},"excerpt":{"rendered":"<p>Santo Domingo. \u2013 El dise\u00f1ador dominicano Eddy Rambaldy present\u00f3 el pasado 5 de marzo su<\/p>\n","protected":false},"author":1,"featured_media":56414,"comment_status":"open","ping_status":"open","sticky":false,"template":"","format":"standard","meta":{"footnotes":""},"categories":[249],"tags":[],"class_list":["post-56413","post","type-post","status-publish","format-standard","has-post-thumbnail","hentry","category-farandula"],"_links":{"self":[{"href":"https:\/\/laverdadpublica.com\/index.php\/wp-json\/wp\/v2\/posts\/56413","targetHints":{"allow":["GET"]}}],"collection":[{"href":"https:\/\/laverdadpublica.com\/index.php\/wp-json\/wp\/v2\/posts"}],"about":[{"href":"https:\/\/laverdadpublica.com\/index.php\/wp-json\/wp\/v2\/types\/post"}],"author":[{"embeddable":true,"href":"https:\/\/laverdadpublica.com\/index.php\/wp-json\/wp\/v2\/users\/1"}],"replies":[{"embeddable":true,"href":"https:\/\/laverdadpublica.com\/index.php\/wp-json\/wp\/v2\/comments?post=56413"}],"version-history":[{"count":1,"href":"https:\/\/laverdadpublica.com\/index.php\/wp-json\/wp\/v2\/posts\/56413\/revisions"}],"predecessor-version":[{"id":56415,"href":"https:\/\/laverdadpublica.com\/index.php\/wp-json\/wp\/v2\/posts\/56413\/revisions\/56415"}],"wp:featuredmedia":[{"embeddable":true,"href":"https:\/\/laverdadpublica.com\/index.php\/wp-json\/wp\/v2\/media\/56414"}],"wp:attachment":[{"href":"https:\/\/laverdadpublica.com\/index.php\/wp-json\/wp\/v2\/media?parent=56413"}],"wp:term":[{"taxonomy":"category","embeddable":true,"href":"https:\/\/laverdadpublica.com\/index.php\/wp-json\/wp\/v2\/categories?post=56413"},{"taxonomy":"post_tag","embeddable":true,"href":"https:\/\/laverdadpublica.com\/index.php\/wp-json\/wp\/v2\/tags?post=56413"}],"curies":[{"name":"wp","href":"https:\/\/api.w.org\/{rel}","templated":true}]}}