{"id":57071,"date":"2026-03-24T10:15:39","date_gmt":"2026-03-24T10:15:39","guid":{"rendered":"https:\/\/laverdadpublica.com\/?p=57071"},"modified":"2026-03-24T21:17:09","modified_gmt":"2026-03-24T21:17:09","slug":"alcaldia-del-dn-realiza-siembra-de-arboles-y-charlas-en-conmemoracion-del-dia-mundial-forestal","status":"publish","type":"post","link":"https:\/\/laverdadpublica.com\/index.php\/2026\/03\/24\/alcaldia-del-dn-realiza-siembra-de-arboles-y-charlas-en-conmemoracion-del-dia-mundial-forestal\/","title":{"rendered":"Alcald\u00eda del DN realiza siembra de \u00e1rboles y charlas en conmemoraci\u00f3n del D\u00eda Mundial Forestal"},"content":{"rendered":"<blockquote>\n<p style=\"text-align: center;\">Participaron los estudiantes del Carol Morgan y la Fundaci\u00f3n Abriendo Camino de Villa Agr\u00edcolas.<\/p>\n<\/blockquote>\n<p style=\"text-align: justify;\"><strong>Santo Domingo, DN<\/strong>&#8211; La Alcald\u00eda del Distrito Nacional, en conmemoraci\u00f3n del D\u00eda Mundial Forestal, realiz\u00f3 varias actividades durante la semana, entre ellas charlas tipo taller con estudiantes y una siembra de \u00e1rboles en la explanada de la N\u00fa\u00f1ez de C\u00e1ceres del Mirador Sur.<\/p>\n<p style=\"text-align: justify;\">Este conjunto de actividades fue coordinado por la Direcci\u00f3n de Gesti\u00f3n Ambiental, impulsando a los estudiantes a aprender sobre los efectos del cambio clim\u00e1tico, sus consecuencias y c\u00f3mo contrarrestarlo. Adem\u00e1s, los tipos de \u00e1rboles que se plantan en la ciudad, los beneficios que aportan y su funci\u00f3n ecol\u00f3gica.<\/p>\n<p style=\"text-align: justify;\">Previo a la siembra, se realiz\u00f3 una charla sobre el Plan de Arbolado Urbano con ni\u00f1os y adolescentes de la Fundaci\u00f3n Manos Abiertos, tambi\u00e9n en el propio colegio Carol Morgan.<\/p>\n<p style=\"text-align: justify;\">Milagros Mercedes, directora de Gesti\u00f3n Ambiental del cabildo, en nombre de la alcaldesa Carolina Mej\u00eda, les dio la bienvenida a todos los estudiantes al parque Mirador Sur, espacio natural donde se dieron cita para llevar a cabo la siembra.<\/p>\n<blockquote>\n<p style=\"text-align: center;\">\u201cNos sentimos muy orgullosos de que ustedes vengan a celebrar con nosotros la semana en conmemoraci\u00f3n del D\u00eda Mundial Forestal para llevar a cabo los objetivos de esta celebraci\u00f3n\u201d, coment\u00f3 Mercedes.<\/p>\n<\/blockquote>\n<p style=\"text-align: justify;\">Agreg\u00f3 que uno de los beneficios de estas actividades es concientizar a las personas, en especial a ni\u00f1os y adolescentes, sobre el cuidado del medioambiente, tratando de que el mundo reconozca la importancia que tienen los \u00e1rboles.<\/p>\n<p style=\"text-align: justify;\">Francisco Metz, coordinador t\u00e9cnico de la Direcci\u00f3n de Gesti\u00f3n Ambiental, imparti\u00f3 las charlas a los j\u00f3venes y les instruy\u00f3 sobre c\u00f3mo realizar la siembra.<\/p>\n<blockquote>\n<p style=\"text-align: center;\">\u201cEs importante sembrar para poder tener vida en el futuro\u201d, se\u00f1al\u00f3 Belinda Mastrolilli, gobernadora del Mirador Sur, quien tambi\u00e9n indic\u00f3 a los estudiantes la importancia de plantar \u00e1rboles para poder proteger.<\/p>\n<\/blockquote>\n<p style=\"text-align: justify;\">Dos estudiantes del Carol Morgan agradecieron a la alcaldesa y su centro educativo por hacerlos parte de este tipo de iniciativa, manifestando que no es solo el inicio, sino el compromiso del cuidado continuo.<\/p>\n<blockquote>\n<p style=\"text-align: center;\">\u201cEn nosotros est\u00e1 la responsabilidad de proteger el planeta d\u00eda a d\u00eda como hoy, con peque\u00f1os actos, porque lo que sembramos hoy lo cuidaremos siempre\u201d, se\u00f1alaron los estudiantes.<\/p>\n<\/blockquote>\n<p style=\"text-align: justify;\">Producto de esta plantaci\u00f3n, el espacio donde se realiz\u00f3 la misma fue establecida por los ni\u00f1os como el Jard\u00edn de los Sharks Leaders del Carol Morgan.<\/p>\n<p style=\"text-align: justify;\">Tambi\u00e9n estuvieron presentes representantes de la Junta de Vecinos Paseo de la Sarasota, as\u00ed como Marcelle Mart\u00ednez Bonetti, representante de los padres de los estudiantes.<\/p>\n<p style=\"text-align: justify;\">El D\u00eda Mundial del Medio Ambiente fue establecido por la Asamblea General de las Naciones Unidas en 1972. A lo largo de los a\u00f1os, se ha convertido en una de las principales plataformas a trav\u00e9s de las que se promocionan las mejores causas ambientales.<\/p>\n<p style=\"text-align: justify;\">Este conjunto de actividades tambi\u00e9n se realiz\u00f3 con motivo del D\u00eda Mundial del Agua, que ser\u00e1 celebrado el 22 de marzo.<\/p>\n<p>&nbsp;<\/p>\n<p>Fuente: Prensa ADN<\/p>\n","protected":false},"excerpt":{"rendered":"<p>Participaron los estudiantes del Carol Morgan y la Fundaci\u00f3n Abriendo Camino de Villa Agr\u00edcolas. Santo<\/p>\n","protected":false},"author":1,"featured_media":57072,"comment_status":"open","ping_status":"open","sticky":false,"template":"","format":"standard","meta":{"footnotes":""},"categories":[7],"tags":[],"class_list":["post-57071","post","type-post","status-publish","format-standard","has-post-thumbnail","hentry","category-nacionales"],"_links":{"self":[{"href":"https:\/\/laverdadpublica.com\/index.php\/wp-json\/wp\/v2\/posts\/57071","targetHints":{"allow":["GET"]}}],"collection":[{"href":"https:\/\/laverdadpublica.com\/index.php\/wp-json\/wp\/v2\/posts"}],"about":[{"href":"https:\/\/laverdadpublica.com\/index.php\/wp-json\/wp\/v2\/types\/post"}],"author":[{"embeddable":true,"href":"https:\/\/laverdadpublica.com\/index.php\/wp-json\/wp\/v2\/users\/1"}],"replies":[{"embeddable":true,"href":"https:\/\/laverdadpublica.com\/index.php\/wp-json\/wp\/v2\/comments?post=57071"}],"version-history":[{"count":1,"href":"https:\/\/laverdadpublica.com\/index.php\/wp-json\/wp\/v2\/posts\/57071\/revisions"}],"predecessor-version":[{"id":57073,"href":"https:\/\/laverdadpublica.com\/index.php\/wp-json\/wp\/v2\/posts\/57071\/revisions\/57073"}],"wp:featuredmedia":[{"embeddable":true,"href":"https:\/\/laverdadpublica.com\/index.php\/wp-json\/wp\/v2\/media\/57072"}],"wp:attachment":[{"href":"https:\/\/laverdadpublica.com\/index.php\/wp-json\/wp\/v2\/media?parent=57071"}],"wp:term":[{"taxonomy":"category","embeddable":true,"href":"https:\/\/laverdadpublica.com\/index.php\/wp-json\/wp\/v2\/categories?post=57071"},{"taxonomy":"post_tag","embeddable":true,"href":"https:\/\/laverdadpublica.com\/index.php\/wp-json\/wp\/v2\/tags?post=57071"}],"curies":[{"name":"wp","href":"https:\/\/api.w.org\/{rel}","templated":true}]}}